{"id":10231,"date":"2020-01-28T11:06:34","date_gmt":"2020-01-28T10:06:34","guid":{"rendered":"http:\/\/www.studiogera.de\/001\/?p=10231"},"modified":"2020-01-28T11:06:35","modified_gmt":"2020-01-28T10:06:35","slug":"baeume-in-der-friedhofstrasse-werden-gefaellt","status":"publish","type":"post","link":"https:\/\/www.studiogera.de\/001\/2020\/01\/28\/baeume-in-der-friedhofstrasse-werden-gefaellt\/","title":{"rendered":"B\u00c4UME IN DER FRIEDHOFSTRASSE WERDEN GEF\u00c4LLT"},"content":{"rendered":"\n<p>Vom 4. bis 6. Februar 2020 werden 16 B\u00e4ume in der Friedhofstra\u00dfe gef\u00e4llt. Das betrifft in dieser Stra\u00dfe 13 B\u00e4ume entlang der Friedhofsmauer Richtung Dehmelstra\u00dfe, je ein Baum bei Haus Nr. 3 und 27 und ein Ahorn bei der Br\u00fccke Stra\u00dfe des Bergmanns.<\/p>\n\n\n\n<p>Alle B\u00e4ume zeigten in den \nvergangenen Jahren starken Vitalit\u00e4tsverlust, vermehrte Totholzbildung \nund Pilzbefall. Geplant ist, alle B\u00e4ume nachzupflanzen.\n<\/p>\n\n\n\n<p>In dieser Zeit kommt es zu Einschr\u00e4nkungen des ruhenden Verkehrs auf beiden Stra\u00dfenseiten. Ab Haupteingang Ostfriedhof in Richtung Dehmelstra\u00dfe wird die Stra\u00dfe zeitweilig vollst\u00e4ndig gesperrt. Der  Zugang zum Ostfriedhof bleibt gew\u00e4hrleistet.<\/p>\n\n\n\n<p>Die F\u00e4llung ist mit der Unteren Naturschutzbeh\u00f6rde abgestimmt und genehmigt.<\/p>\n\n\n\n<p>F\u00fcr die L\u00e4rmbel\u00e4stigung und die Einschr\u00e4nkungen bittet die Stadtverwaltung um Verst\u00e4ndnis.<\/p>\n","protected":false},"excerpt":{"rendered":"<div class=\"mh-excerpt\"><p>Vom 4. bis 6. Februar 2020 werden 16 B\u00e4ume in der Friedhofstra\u00dfe gef\u00e4llt. Das betrifft in dieser Stra\u00dfe 13 B\u00e4ume entlang der Friedhofsmauer Richtung Dehmelstra\u00dfe, je ein Baum bei Haus Nr. 3 und 27 und <a class=\"mh-excerpt-more\" href=\"https:\/\/www.studiogera.de\/001\/2020\/01\/28\/baeume-in-der-friedhofstrasse-werden-gefaellt\/\" title=\"B\u00c4UME IN DER FRIEDHOFSTRASSE WERDEN GEF\u00c4LLT\">[&#8230;]<\/a><\/p>\n<\/div>","protected":false},"author":2,"featured_media":1630,"comment_status":"open","ping_status":"open","sticky":false,"template":"","format":"standard","meta":{"footnotes":""},"categories":[16],"tags":[],"class_list":{"0":"post-10231","1":"post","2":"type-post","3":"status-publish","4":"format-standard","5":"has-post-thumbnail","7":"category-kurzmitteilungen"},"_links":{"self":[{"href":"https:\/\/www.studiogera.de\/001\/wp-json\/wp\/v2\/posts\/10231","targetHints":{"allow":["GET"]}}],"collection":[{"href":"https:\/\/www.studiogera.de\/001\/wp-json\/wp\/v2\/posts"}],"about":[{"href":"https:\/\/www.studiogera.de\/001\/wp-json\/wp\/v2\/types\/post"}],"author":[{"embeddable":true,"href":"https:\/\/www.studiogera.de\/001\/wp-json\/wp\/v2\/users\/2"}],"replies":[{"embeddable":true,"href":"https:\/\/www.studiogera.de\/001\/wp-json\/wp\/v2\/comments?post=10231"}],"version-history":[{"count":1,"href":"https:\/\/www.studiogera.de\/001\/wp-json\/wp\/v2\/posts\/10231\/revisions"}],"predecessor-version":[{"id":10232,"href":"https:\/\/www.studiogera.de\/001\/wp-json\/wp\/v2\/posts\/10231\/revisions\/10232"}],"wp:featuredmedia":[{"embeddable":true,"href":"https:\/\/www.studiogera.de\/001\/wp-json\/wp\/v2\/media\/1630"}],"wp:attachment":[{"href":"https:\/\/www.studiogera.de\/001\/wp-json\/wp\/v2\/media?parent=10231"}],"wp:term":[{"taxonomy":"category","embeddable":true,"href":"https:\/\/www.studiogera.de\/001\/wp-json\/wp\/v2\/categories?post=10231"},{"taxonomy":"post_tag","embeddable":true,"href":"https:\/\/www.studiogera.de\/001\/wp-json\/wp\/v2\/tags?post=10231"}],"curies":[{"name":"wp","href":"https:\/\/api.w.org\/{rel}","templated":true}]}}