{"id":10236,"date":"2020-01-29T10:42:49","date_gmt":"2020-01-29T09:42:49","guid":{"rendered":"http:\/\/www.studiogera.de\/001\/?p=10236"},"modified":"2020-01-29T10:42:51","modified_gmt":"2020-01-29T09:42:51","slug":"aktuelles-zum-einsatz-in-liebschwitz","status":"publish","type":"post","link":"https:\/\/www.studiogera.de\/001\/2020\/01\/29\/aktuelles-zum-einsatz-in-liebschwitz\/","title":{"rendered":"AKTUELLES ZUM EINSATZ IN LIEBSCHWITZ"},"content":{"rendered":"\n<p>Am Samstag, den 1. Februar, wird mit vereinten Kr\u00e4ften einer erneuten Schwammspinner-Massenvermehrung in den angrenzenden Waldgebieten von Liebschwitz entgegengewirkt werden. Viele freiwillige Helfer wollen bei einer Eigelege-Absammelaktion mitmachen, die vom Umweltamt zusammen mit dem Ortsteilrat Liebschwitz, der freiwilligen Feuerwehr und der Otegau GmbH in die Wege geleitet wurde.<\/p>\n\n\n\n<p>\u201e\u00dcber das gro\u00dfe Interesse in der Bev\u00f6lkerung freuen wir uns sehr. Die Helfer kommen sogar aus weit entfernten Bundesgebieten. Wir sind f\u00fcr jeden dankbar, der sich noch dazu entschlie\u00dft mitzuhelfen\u201c, so Umweltamtsleiter Konrad Nickschick.<\/p>\n\n\n\n<p>Helfer werden gebeten, eine Drahtb\u00fcrste und einen Eimer zum Absammeln der Eigelege und Kreide mitzubringen, um abgelesene B\u00e4ume zu markieren. Es wird allen empfohlen, dem Wetter angepasste Kleidung und festes Schuhwerk zu tragen. F\u00fcr eine Suppe und warme Getr\u00e4nke wird seitens der Stadt gesorgt.<\/p>\n\n\n\n<p>Diese bedankt sich bei der Fahrschule Tobermann und Uwe Ro\u00dfner. Beide spendeten zusammen 500 Euro. Der Baumarkt &#8222;Bauhaus&#8220; stellt 200 Eimer zur Verf\u00fcgung. Diese k\u00f6nnen die Helfer nach dem Einsatz mitnehmen.<\/p>\n\n\n\n<p>Treffpunkt ist die Kirche in Liebschwitz in der Teichstra\u00dfe 4 um 9 Uhr. Auf dem Teichplatz wird an diesem Tag ein Parkverbot eingerichtet. Parkpl\u00e4tze gibt es am Sportplatz, Zwickauer Stra\u00dfe 11 &#8211; 13. F\u00fcr Fragen und Anliegen steht das Umweltamt zur Verf\u00fcgung 0365 8384200.<\/p>\n","protected":false},"excerpt":{"rendered":"<div class=\"mh-excerpt\"><p>Am Samstag, den 1. Februar, wird mit vereinten Kr\u00e4ften einer erneuten Schwammspinner-Massenvermehrung in den angrenzenden Waldgebieten von Liebschwitz entgegengewirkt werden. Viele freiwillige Helfer wollen bei einer Eigelege-Absammelaktion mitmachen, die vom Umweltamt zusammen mit dem Ortsteilrat <a class=\"mh-excerpt-more\" href=\"https:\/\/www.studiogera.de\/001\/2020\/01\/29\/aktuelles-zum-einsatz-in-liebschwitz\/\" title=\"AKTUELLES ZUM EINSATZ IN LIEBSCHWITZ\">[&#8230;]<\/a><\/p>\n<\/div>","protected":false},"author":3,"featured_media":7534,"comment_status":"open","ping_status":"open","sticky":false,"template":"","format":"standard","meta":{"footnotes":""},"categories":[16],"tags":[],"class_list":{"0":"post-10236","1":"post","2":"type-post","3":"status-publish","4":"format-standard","5":"has-post-thumbnail","7":"category-kurzmitteilungen"},"_links":{"self":[{"href":"https:\/\/www.studiogera.de\/001\/wp-json\/wp\/v2\/posts\/10236","targetHints":{"allow":["GET"]}}],"collection":[{"href":"https:\/\/www.studiogera.de\/001\/wp-json\/wp\/v2\/posts"}],"about":[{"href":"https:\/\/www.studiogera.de\/001\/wp-json\/wp\/v2\/types\/post"}],"author":[{"embeddable":true,"href":"https:\/\/www.studiogera.de\/001\/wp-json\/wp\/v2\/users\/3"}],"replies":[{"embeddable":true,"href":"https:\/\/www.studiogera.de\/001\/wp-json\/wp\/v2\/comments?post=10236"}],"version-history":[{"count":1,"href":"https:\/\/www.studiogera.de\/001\/wp-json\/wp\/v2\/posts\/10236\/revisions"}],"predecessor-version":[{"id":10237,"href":"https:\/\/www.studiogera.de\/001\/wp-json\/wp\/v2\/posts\/10236\/revisions\/10237"}],"wp:featuredmedia":[{"embeddable":true,"href":"https:\/\/www.studiogera.de\/001\/wp-json\/wp\/v2\/media\/7534"}],"wp:attachment":[{"href":"https:\/\/www.studiogera.de\/001\/wp-json\/wp\/v2\/media?parent=10236"}],"wp:term":[{"taxonomy":"category","embeddable":true,"href":"https:\/\/www.studiogera.de\/001\/wp-json\/wp\/v2\/categories?post=10236"},{"taxonomy":"post_tag","embeddable":true,"href":"https:\/\/www.studiogera.de\/001\/wp-json\/wp\/v2\/tags?post=10236"}],"curies":[{"name":"wp","href":"https:\/\/api.w.org\/{rel}","templated":true}]}}