{"id":10241,"date":"2020-01-30T21:22:07","date_gmt":"2020-01-30T20:22:07","guid":{"rendered":"http:\/\/www.studiogera.de\/001\/?p=10241"},"modified":"2020-01-30T21:22:09","modified_gmt":"2020-01-30T20:22:09","slug":"gedenkveranstaltung-am-tag-der-befreiung","status":"publish","type":"post","link":"https:\/\/www.studiogera.de\/001\/2020\/01\/30\/gedenkveranstaltung-am-tag-der-befreiung\/","title":{"rendered":"GEDENKVERANSTALTUNG AM TAG DER BEFREIUNG"},"content":{"rendered":"\n<p>Am 27. Januar 1945, gegen 9 Uhr morgens, erreichten die ersten Soldaten der Roten Armee das Konzentrationslager Auschwitz. Tausende kranke und v\u00f6llig ausgemergelte Menschen, Verbrennungsanlagen und zahlreiche Tote fanden die Einheiten dort vor. Es war das gr\u00f6\u00dfte deutsche Konzentrationslager; mehr als eine Million Menschen brachte es den Tod.<\/p>\n\n\n\n<p>Deutschlandweit wird an diesem Tag der Befreiung der Opfer des Nationalsozialismus gedacht. Am 27. Januar 2020 kamen rund 150 Geraer am Gedenkstein im K\u00fcchengarten zusammen. Oberb\u00fcrgermeister Julian Vonarb appellierte daran, dass Ausgrenzung, Diskriminierung und Antisemitismus keinen Platz in unserer Gesellschaft haben d\u00fcrfen.<\/p>\n","protected":false},"excerpt":{"rendered":"<div class=\"mh-excerpt\"><p>Am 27. Januar 1945, gegen 9 Uhr morgens, erreichten die ersten Soldaten der Roten Armee das Konzentrationslager Auschwitz. Tausende kranke und v\u00f6llig ausgemergelte Menschen, Verbrennungsanlagen und zahlreiche Tote fanden die Einheiten dort vor. Es war <a class=\"mh-excerpt-more\" href=\"https:\/\/www.studiogera.de\/001\/2020\/01\/30\/gedenkveranstaltung-am-tag-der-befreiung\/\" title=\"GEDENKVERANSTALTUNG AM TAG DER BEFREIUNG\">[&#8230;]<\/a><\/p>\n<\/div>","protected":false},"author":2,"featured_media":10242,"comment_status":"open","ping_status":"open","sticky":false,"template":"","format":"standard","meta":{"footnotes":""},"categories":[6],"tags":[],"class_list":{"0":"post-10241","1":"post","2":"type-post","3":"status-publish","4":"format-standard","5":"has-post-thumbnail","7":"category-gesellschaft"},"_links":{"self":[{"href":"https:\/\/www.studiogera.de\/001\/wp-json\/wp\/v2\/posts\/10241","targetHints":{"allow":["GET"]}}],"collection":[{"href":"https:\/\/www.studiogera.de\/001\/wp-json\/wp\/v2\/posts"}],"about":[{"href":"https:\/\/www.studiogera.de\/001\/wp-json\/wp\/v2\/types\/post"}],"author":[{"embeddable":true,"href":"https:\/\/www.studiogera.de\/001\/wp-json\/wp\/v2\/users\/2"}],"replies":[{"embeddable":true,"href":"https:\/\/www.studiogera.de\/001\/wp-json\/wp\/v2\/comments?post=10241"}],"version-history":[{"count":1,"href":"https:\/\/www.studiogera.de\/001\/wp-json\/wp\/v2\/posts\/10241\/revisions"}],"predecessor-version":[{"id":10243,"href":"https:\/\/www.studiogera.de\/001\/wp-json\/wp\/v2\/posts\/10241\/revisions\/10243"}],"wp:featuredmedia":[{"embeddable":true,"href":"https:\/\/www.studiogera.de\/001\/wp-json\/wp\/v2\/media\/10242"}],"wp:attachment":[{"href":"https:\/\/www.studiogera.de\/001\/wp-json\/wp\/v2\/media?parent=10241"}],"wp:term":[{"taxonomy":"category","embeddable":true,"href":"https:\/\/www.studiogera.de\/001\/wp-json\/wp\/v2\/categories?post=10241"},{"taxonomy":"post_tag","embeddable":true,"href":"https:\/\/www.studiogera.de\/001\/wp-json\/wp\/v2\/tags?post=10241"}],"curies":[{"name":"wp","href":"https:\/\/api.w.org\/{rel}","templated":true}]}}