{"id":10939,"date":"2020-04-02T21:27:42","date_gmt":"2020-04-02T19:27:42","guid":{"rendered":"http:\/\/www.studiogera.de\/001\/?p=10939"},"modified":"2020-04-02T21:27:44","modified_gmt":"2020-04-02T19:27:44","slug":"altes-schulgebaeude-in-lusan-soll-abgerissen-werden","status":"publish","type":"post","link":"https:\/\/www.studiogera.de\/001\/2020\/04\/02\/altes-schulgebaeude-in-lusan-soll-abgerissen-werden\/","title":{"rendered":"ALTES SCHULGEB\u00c4UDE IN LUSAN SOLL ABGERISSEN WERDEN"},"content":{"rendered":"\n<p>Seit Montag, den 23. M\u00e4rz 2020, wird der Abriss der ehemalilgen Grundschule in der Berta-Sch\u00e4fer-Stra\u00dfe vorbereitet. Der erste Arbeitsschritte sind die Entkernungsarbeiten im Geb\u00e4ude. In den n\u00e4chsten Wochen sollen dann die Ger\u00fcste stehen und die ersten Bagger fahren. Die ehemalige Grundschule und die Turnhalle in der Berta-Sch\u00e4fer-Stra\u00dfe 1 werden anschlie\u00dfend abgerissen. Dar\u00fcber informierte das Dezernat f\u00fcr Bau und Umwelt mit dem Amt f\u00fcr Hochbau und Liegenschaften der Stadtverwaltung.<\/p>\n\n\n\n<p>Das Schulgeb\u00e4ude steht seit Jahren leer. Der Plattenbau aus dem Jahre 1974 k\u00f6nnte dann im Sommer 2020 abgerissen sein. Die Stadtverwaltung bittet Anlieger und Anwohner um Verst\u00e4ndnis f\u00fcr nicht vermeidbare L\u00e4rmbel\u00e4stigungen. Um die Staubentwicklung so gering wie m\u00f6glich zu halten, ist die Abrissfirma beauftragt, alle n\u00f6tigen Schutzma\u00dfnahmen zu treffen.<\/p>\n\n\n\n<p>QUELLE: STADTVERWALTUNG<\/p>\n","protected":false},"excerpt":{"rendered":"<div class=\"mh-excerpt\"><p>Seit Montag, den 23. M\u00e4rz 2020, wird der Abriss der ehemalilgen Grundschule in der Berta-Sch\u00e4fer-Stra\u00dfe vorbereitet. Der erste Arbeitsschritte sind die Entkernungsarbeiten im Geb\u00e4ude. In den n\u00e4chsten Wochen sollen dann die Ger\u00fcste stehen und die <a class=\"mh-excerpt-more\" href=\"https:\/\/www.studiogera.de\/001\/2020\/04\/02\/altes-schulgebaeude-in-lusan-soll-abgerissen-werden\/\" title=\"ALTES SCHULGEB\u00c4UDE IN LUSAN SOLL ABGERISSEN WERDEN\">[&#8230;]<\/a><\/p>\n<\/div>","protected":false},"author":2,"featured_media":10940,"comment_status":"open","ping_status":"open","sticky":false,"template":"","format":"standard","meta":{"footnotes":""},"categories":[3],"tags":[],"class_list":{"0":"post-10939","1":"post","2":"type-post","3":"status-publish","4":"format-standard","5":"has-post-thumbnail","7":"category-lokal"},"_links":{"self":[{"href":"https:\/\/www.studiogera.de\/001\/wp-json\/wp\/v2\/posts\/10939","targetHints":{"allow":["GET"]}}],"collection":[{"href":"https:\/\/www.studiogera.de\/001\/wp-json\/wp\/v2\/posts"}],"about":[{"href":"https:\/\/www.studiogera.de\/001\/wp-json\/wp\/v2\/types\/post"}],"author":[{"embeddable":true,"href":"https:\/\/www.studiogera.de\/001\/wp-json\/wp\/v2\/users\/2"}],"replies":[{"embeddable":true,"href":"https:\/\/www.studiogera.de\/001\/wp-json\/wp\/v2\/comments?post=10939"}],"version-history":[{"count":1,"href":"https:\/\/www.studiogera.de\/001\/wp-json\/wp\/v2\/posts\/10939\/revisions"}],"predecessor-version":[{"id":10941,"href":"https:\/\/www.studiogera.de\/001\/wp-json\/wp\/v2\/posts\/10939\/revisions\/10941"}],"wp:featuredmedia":[{"embeddable":true,"href":"https:\/\/www.studiogera.de\/001\/wp-json\/wp\/v2\/media\/10940"}],"wp:attachment":[{"href":"https:\/\/www.studiogera.de\/001\/wp-json\/wp\/v2\/media?parent=10939"}],"wp:term":[{"taxonomy":"category","embeddable":true,"href":"https:\/\/www.studiogera.de\/001\/wp-json\/wp\/v2\/categories?post=10939"},{"taxonomy":"post_tag","embeddable":true,"href":"https:\/\/www.studiogera.de\/001\/wp-json\/wp\/v2\/tags?post=10939"}],"curies":[{"name":"wp","href":"https:\/\/api.w.org\/{rel}","templated":true}]}}