{"id":10942,"date":"2020-04-02T22:13:13","date_gmt":"2020-04-02T20:13:13","guid":{"rendered":"http:\/\/www.studiogera.de\/001\/?p=10942"},"modified":"2020-04-02T22:13:15","modified_gmt":"2020-04-02T20:13:15","slug":"stadtbibliothek-bietet-medien-zur-unentgeltlichen-nutzung","status":"publish","type":"post","link":"https:\/\/www.studiogera.de\/001\/2020\/04\/02\/stadtbibliothek-bietet-medien-zur-unentgeltlichen-nutzung\/","title":{"rendered":"STADTBIBLIOTHEK BIETET MEDIEN ZUR UNENTGELTLICHEN NUTZUNG"},"content":{"rendered":"\n<p>Die Stadt- und Regionalbibliothek ist in Folge der gegenw\u00e4rtigen Ma\u00dfnahmen bereits seit 16. M\u00e4rz 2020 f\u00fcr den \u00f6ffentlichen Publikumsverkehr geschlossen. Es besteht aber die M\u00f6glichkeit des Zugriffs auf das Netzangebot f\u00fcr Nutzer mit g\u00fcltigem Bibliotheksausweis. Das bedeutet, elektronische Medien, wie E-B\u00fccher, E-Paper und E-Magazine (Zeitungen und Zeitschriften), E-Audios (H\u00f6rb\u00fccher und H\u00f6rspiele) und E-Videos, k\u00f6nnen \u00fcber das &#8222;ThueBIBNet&#8220; f\u00fcr begrenze Zeit heruntergeladen werden.<\/p>\n\n\n\n<p>Ab sofort bietet die Stadt Gera als Tr\u00e4ger der Einrichtung allen Interessierten den Erwerb eines Schnupperausweises f\u00fcr die Geraer Bibliothek zur Nutzung der Internet-Bibliothek an. Dieser wird auf Antrag \u2014 ein Formular dazu befindet sich auf der Seite der Bibliothek &#8222;www.biblio-gera.de&#8220; \u2014 kostenlos ausgestellt und ist vorerst befristet bis 15. Mai 2020 g\u00fcltig. Die Geraer Bibliothek steht mit diesem Angebot an der Seite vieler anderer Bibliotheken deutschlandweit, die mit diesem zus\u00e4tzlichen Angebot B\u00fcrger in Zeiten stark eingeschr\u00e4nkter M\u00f6glichkeiten mit Lekt\u00fcre, Wissen und Unterhaltung versorgen.    <\/p>\n\n\n\n<p>Die Th\u00fcringer Netzbibliothek, das ThueBIBnet, ist ein Verbund, an dem sich 53 Th\u00fcringer Bibliotheken, so auch die Geraer Bibliothek beteiligen. Das Angebot umfasst rund 90&#8217;000 Medien f\u00fcr Kinder, Jugendliche und Erwachsene. Die Nachfrage ist hoch, die Tendenz steigend. Die Statistik der Geraer Bibliothek zeigt, der Zugriff auf das digitale Angebot stieg um 50 % im Vergleich zu Februar 2020, so berichtet Kerstin Ebert, Leiterin des Benutzerservices der Bibliothek. F\u00fcr M\u00e4rz wurden vom Freistaat Th\u00fcringen zus\u00e4tzlich 15&#8217;000 Euro, f\u00fcr April und Mai weitere 15&#8217;000 Euro zum Erwerb neuer E-Medien bereitgestellt. Genutzt werden kann das Angebot \u00fcber die Onleihe-Applikation mit Smartphone oder Tablet sowie \u00fcber PC, Laptop oder E-Book-Reader, rund um die Uhr sieben Tage die Woche. Eine Anleitung und Hilfe dazu, gibt es unter &#8222;thuebibnet.de&#8220;.<\/p>\n\n\n\n<p>Die Arbeit hinter den verschlossenen Bibliothekst\u00fcren geht indessen weiter. Unter Einhaltung strenger Auflagen zum Schutz der Mitarbeiter werden \u00fcber die R\u00fcckgabebox abgegebene Medien ges\u00e4ubert und zur\u00fcck in den Bestand gestellt sowie Sortier- und Reinigungsarbeiten durchgef\u00fchrt. Hinzu kommen die auch sonst im Hintergrund ablaufenden Arbeiten wie Bestandssichtung, Recherche zu Neuanschaffungen, Einarbeitung bereits erworbener neuer Medien, Konzeption und Planung von Veranstaltungen und \u00d6ffentlichkeitsarbeit. Auf die Wieder\u00f6ffnung m\u00f6chte man bestm\u00f6glich vorbereitet sein.<\/p>\n\n\n\n<p>Bis dahin gilt: W\u00e4hrend der Schlie\u00dfzeit entstehen keine Mahngeb\u00fchren. Medien k\u00f6nnen \u00fcber das Internet verl\u00e4ngert oder \u00fcber die R\u00fcckgabebox abgegeben werden. Bisher get\u00e4tigte Vorbestellungen bleiben erhalten, die Medien werden ab der Wiederer\u00f6ffnung f\u00fcr zwei Wochen zur Abholung bereit liegen. Werden diese nicht mehr ben\u00f6tigt, reicht eine kurze E-Nachricht oder ein Telefonat. Weitere Fragen, zum Beispiel zur Verl\u00e4ngerung von Bibliotheksausweisen, k\u00f6nnen ebenfalls an die Mitarbeiter der Stadt- und Regionalbibliothek gerichtet werden. Sie sind erreichbar unter der Rufnummer 0365 8383378 sowie \u00fcber &#8222;bibliothek@gera.de&#8220;.<\/p>\n","protected":false},"excerpt":{"rendered":"<div class=\"mh-excerpt\"><p>Die Stadt- und Regionalbibliothek ist in Folge der gegenw\u00e4rtigen Ma\u00dfnahmen bereits seit 16. M\u00e4rz 2020 f\u00fcr den \u00f6ffentlichen Publikumsverkehr geschlossen. Es besteht aber die M\u00f6glichkeit des Zugriffs auf das Netzangebot f\u00fcr Nutzer mit g\u00fcltigem Bibliotheksausweis. <a class=\"mh-excerpt-more\" href=\"https:\/\/www.studiogera.de\/001\/2020\/04\/02\/stadtbibliothek-bietet-medien-zur-unentgeltlichen-nutzung\/\" title=\"STADTBIBLIOTHEK BIETET MEDIEN ZUR UNENTGELTLICHEN NUTZUNG\">[&#8230;]<\/a><\/p>\n<\/div>","protected":false},"author":2,"featured_media":9704,"comment_status":"open","ping_status":"open","sticky":false,"template":"","format":"standard","meta":{"footnotes":""},"categories":[8],"tags":[],"class_list":{"0":"post-10942","1":"post","2":"type-post","3":"status-publish","4":"format-standard","5":"has-post-thumbnail","7":"category-kultur"},"_links":{"self":[{"href":"https:\/\/www.studiogera.de\/001\/wp-json\/wp\/v2\/posts\/10942","targetHints":{"allow":["GET"]}}],"collection":[{"href":"https:\/\/www.studiogera.de\/001\/wp-json\/wp\/v2\/posts"}],"about":[{"href":"https:\/\/www.studiogera.de\/001\/wp-json\/wp\/v2\/types\/post"}],"author":[{"embeddable":true,"href":"https:\/\/www.studiogera.de\/001\/wp-json\/wp\/v2\/users\/2"}],"replies":[{"embeddable":true,"href":"https:\/\/www.studiogera.de\/001\/wp-json\/wp\/v2\/comments?post=10942"}],"version-history":[{"count":1,"href":"https:\/\/www.studiogera.de\/001\/wp-json\/wp\/v2\/posts\/10942\/revisions"}],"predecessor-version":[{"id":10943,"href":"https:\/\/www.studiogera.de\/001\/wp-json\/wp\/v2\/posts\/10942\/revisions\/10943"}],"wp:featuredmedia":[{"embeddable":true,"href":"https:\/\/www.studiogera.de\/001\/wp-json\/wp\/v2\/media\/9704"}],"wp:attachment":[{"href":"https:\/\/www.studiogera.de\/001\/wp-json\/wp\/v2\/media?parent=10942"}],"wp:term":[{"taxonomy":"category","embeddable":true,"href":"https:\/\/www.studiogera.de\/001\/wp-json\/wp\/v2\/categories?post=10942"},{"taxonomy":"post_tag","embeddable":true,"href":"https:\/\/www.studiogera.de\/001\/wp-json\/wp\/v2\/tags?post=10942"}],"curies":[{"name":"wp","href":"https:\/\/api.w.org\/{rel}","templated":true}]}}