{"id":10944,"date":"2020-04-02T22:34:52","date_gmt":"2020-04-02T20:34:52","guid":{"rendered":"http:\/\/www.studiogera.de\/001\/?p=10944"},"modified":"2020-04-02T22:34:53","modified_gmt":"2020-04-02T20:34:53","slug":"meldungen-der-stadtverwaltung-63","status":"publish","type":"post","link":"https:\/\/www.studiogera.de\/001\/2020\/04\/02\/meldungen-der-stadtverwaltung-63\/","title":{"rendered":"MELDUNGEN DER STADTVERWALTUNG"},"content":{"rendered":"\n<p>Der Krisenstab der Stadt Gera unter der F\u00fchrung von B\u00fcrgermeister Kurt Dannenberg und dem Amtsleiter f\u00fcr Brand- und Katastrophenschutz, Thilo Sch\u00fctz, ist seit fast zwei Wochen tagt\u00e4glich im Einsatz. Besonders die Kollegen des Sachgebiets 4, Versorgung, w\u00e4hlen sich tagt\u00e4glich die Finger wund, um Schutzanz\u00fcge, Atemschutzmarken und Desinfektionsmittel zu beschaffen. Umso sch\u00f6ner ist es, wenn Firmen nicht nur eine Lieferung zusagen, sondern diese dann auch noch spenden. So geschehen beispielsweise am Sonnabend, den 28. M\u00e4rz 2020, als die Firma Teichmann Schmierstoffvertrieb einhundert Liter Desinfektionsmittel sponserte. Zuvor schenkte die Schadstoffsanierung Mario Freund dem Krisenstab einhundert Atemschutzmasken und 300 Schutzanz\u00fcge. Barclays, ein bekanntes Lokal in Geras Innenstadt, stellte K\u00fchlschr\u00e4nke zur Verf\u00fcgung, Medimax eine Sp\u00fclmaschine. \u201eWir sind sehr dankbar f\u00fcr die gro\u00dfartige und zum Teil unerwartete Unterst\u00fctzung\u201c, bedankt sich Oberb\u00fcrgermeister Julian Vonarb bei den Spendern.<\/p>\n\n\n\n<p>Der Krisenstab der Stadt Gera arbeitet weiterhin sieben Tage in der Woche daran, gemeinsam mit dem Gesundheitsamt und weiteren Hilfsorganisationen \u00dcbertragungsgeschwindigkeit des Coronavirus zu verlangsamen und Vorbereitungen f\u00fcr den Fall einer gro\u00dffl\u00e4chigen Ausbreitung zu treffen. F\u00fcr pers\u00f6nliche Vorbereitungen empfiehlt die Stadt Gera das F\u00fchren einer Medikamentenliste. Bei einer Covid-19-Erkrankung ist es f\u00fcr den behandelnden Hausarzt oder dem Stationsarzt im Falle eines Klinikaufenthalts hilfreich, die Medikamenteneinnahme der Patienten bzw. infizierten B\u00fcrgerinnen und B\u00fcrgern in die Behandlung mit einbeziehen zu k\u00f6nnen. Eventuelle Unvertr\u00e4glichkeiten sowie Kreuzreaktionen m\u00fcssen besonders bei Risikogruppen oder Personen mit chronischen Krankheiten ausgeschlossen und die Ma\u00dfnahmen der Behandlung individuell angepasst werden. Im Ernstfall hilft eine Auflistung der pers\u00f6nlichen Medikamente dabei, eine effiziente und schnelle Einsch\u00e4tzung des Gesundheitszustandes der Patienten durchf\u00fchren zu k\u00f6nnen. Eine Medikamentenliste finden Sie auf der Seite der Allgemeinen Ortskrankenkasse &#8222;https:\/\/www.aok.de\/kp\/bw\/curaplanaktiv\/copd\/alle-medikamente-auf-einen-blick\/&#8220; und auf der Seite &#8222;www.corona.gera.de&#8220;.<\/p>\n\n\n\n<p>Unter den auch f\u00fcr das Internat der Stadt Gera schwierigen Bedingungen w\u00e4hrend der Corona-Epidemie \u00fcbergibt die langj\u00e4hrige Leiterin der Einrichtung Annegret Skujat zum 1. April 2020 die Internatsleitung an Marion Opelt. Zur \u00dcbergabe h\u00e4tten sich beide ein volles Haus mit allen Jugendlichen gew\u00fcnscht. Nun ist das Internat wegen der Corona-Epidemie verwaist. \u201eEine solche Situation habe ich in 47 Dienstjahren noch nicht erlebt\u201c, bekennt die erfahrene Leiterin Annegret Skujat, deren Berufsweg 1973 in der Jugendherberge Schleiz begann. Im Jahr 1981 ging sie nach Gera. Da ihre neue Arbeitsstelle, das Wohnheim in Lusan, noch im Bau war, wurde sie zun\u00e4chst im Internat der Energieversorgung eingesetzt. 1985 \u00fcbernahm die Diplomp\u00e4dagogin die Leitung des Lusaner Wohnheims und 20 Jahre sp\u00e4ter die des heutigen Internats in Bieblach-Ost. Sozialdezernentin Sandra Wanzar w\u00fcrdigte die Verdienste von Annegret Skujat, die das Leben vieler Generationen von Jugendlichen gepr\u00e4gt habe. Sie sei immer mit Leib und Seele P\u00e4dagogin gewesen und habe sich weit \u00fcber das normale Ma\u00df f\u00fcr ihre Einrichtung engagiert. \u201eAu\u00dfergew\u00f6hnliches Engagement und Leidenschaft f\u00fcr die Sache, dabei immer l\u00f6sungsorientiert &#8211; das verbinde ich mit Frau Skujat\u201c, so die Dezernentin. Zugleich erkl\u00e4rte sie, dass mit Marion Opelt eine Nachfolgerin gefunden wurde, bei der die Leitung des Internats in guten H\u00e4nden liege. Als langj\u00e4hrige Gesch\u00e4ftsbereichsleiterin der \u201eElstertal\u201c-Infraprojekt GmbH verf\u00fcge die neue Internatsleiterin neben der fachlichen Qualifikation als staatlich anerkannte Erzieherin und Verwaltungsbetriebswirtin \u00fcber umfangreiche F\u00fchrungserfahrung. Die kommunalen Immobilien kenne sie ebenso gut wie die Rahmenbedingungen einer F\u00fchrungsposition bei der Stadt Gera.<\/p>\n\n\n\n<p>Vom 6. April bis voraussichtlich sp\u00e4testens 31. Juli 2020 wird die Burgstra\u00dfe zwischen Florian-Geyer-Stra\u00dfe und Johannisplatz f\u00fcr den Fahrverkehr voll gesperrt. Grund der Sperrung sind Tiefbauarbeiten f\u00fcr die Erschlie\u00dfung sowie zur Herstellung der Freianlagen zum Campus Rutheneum. Anlieger des Johannisplatzes und der Johannisstra\u00dfe werden gebeten, \u00fcber die Reichsstra\u00dfen-Lieferzufahrt des Elsterforums zu- und auszufahren. Dies teilt das Tiefbauamt des Dezernates f\u00fcr Bau und Umwelt der Stadtverwaltung Gera mit und bittet alle Anlieger um Beachtung sowie Verst\u00e4ndnis f\u00fcr Einschr\u00e4nkungen w\u00e4hrend der Bauzeit.<\/p>\n","protected":false},"excerpt":{"rendered":"<div class=\"mh-excerpt\"><p>Der Krisenstab der Stadt Gera unter der F\u00fchrung von B\u00fcrgermeister Kurt Dannenberg und dem Amtsleiter f\u00fcr Brand- und Katastrophenschutz, Thilo Sch\u00fctz, ist seit fast zwei Wochen tagt\u00e4glich im Einsatz. Besonders die Kollegen des Sachgebiets 4, <a class=\"mh-excerpt-more\" href=\"https:\/\/www.studiogera.de\/001\/2020\/04\/02\/meldungen-der-stadtverwaltung-63\/\" title=\"MELDUNGEN DER STADTVERWALTUNG\">[&#8230;]<\/a><\/p>\n<\/div>","protected":false},"author":2,"featured_media":1630,"comment_status":"open","ping_status":"open","sticky":false,"template":"","format":"standard","meta":{"footnotes":""},"categories":[16],"tags":[],"class_list":{"0":"post-10944","1":"post","2":"type-post","3":"status-publish","4":"format-standard","5":"has-post-thumbnail","7":"category-kurzmitteilungen"},"_links":{"self":[{"href":"https:\/\/www.studiogera.de\/001\/wp-json\/wp\/v2\/posts\/10944","targetHints":{"allow":["GET"]}}],"collection":[{"href":"https:\/\/www.studiogera.de\/001\/wp-json\/wp\/v2\/posts"}],"about":[{"href":"https:\/\/www.studiogera.de\/001\/wp-json\/wp\/v2\/types\/post"}],"author":[{"embeddable":true,"href":"https:\/\/www.studiogera.de\/001\/wp-json\/wp\/v2\/users\/2"}],"replies":[{"embeddable":true,"href":"https:\/\/www.studiogera.de\/001\/wp-json\/wp\/v2\/comments?post=10944"}],"version-history":[{"count":1,"href":"https:\/\/www.studiogera.de\/001\/wp-json\/wp\/v2\/posts\/10944\/revisions"}],"predecessor-version":[{"id":10945,"href":"https:\/\/www.studiogera.de\/001\/wp-json\/wp\/v2\/posts\/10944\/revisions\/10945"}],"wp:featuredmedia":[{"embeddable":true,"href":"https:\/\/www.studiogera.de\/001\/wp-json\/wp\/v2\/media\/1630"}],"wp:attachment":[{"href":"https:\/\/www.studiogera.de\/001\/wp-json\/wp\/v2\/media?parent=10944"}],"wp:term":[{"taxonomy":"category","embeddable":true,"href":"https:\/\/www.studiogera.de\/001\/wp-json\/wp\/v2\/categories?post=10944"},{"taxonomy":"post_tag","embeddable":true,"href":"https:\/\/www.studiogera.de\/001\/wp-json\/wp\/v2\/tags?post=10944"}],"curies":[{"name":"wp","href":"https:\/\/api.w.org\/{rel}","templated":true}]}}