{"id":11072,"date":"2020-04-15T23:37:11","date_gmt":"2020-04-15T21:37:11","guid":{"rendered":"http:\/\/www.studiogera.de\/001\/?p=11072"},"modified":"2020-04-15T23:37:13","modified_gmt":"2020-04-15T21:37:13","slug":"ergebnis-der-beratung-zwischen-bk-und-mp-der-laender","status":"publish","type":"post","link":"https:\/\/www.studiogera.de\/001\/2020\/04\/15\/ergebnis-der-beratung-zwischen-bk-und-mp-der-laender\/","title":{"rendered":"ERGEBNIS DER BERATUNG ZWISCHEN BK UND MP DER L\u00c4NDER"},"content":{"rendered":"\n<p>Eine Beratung zwischen der Bundeskanzlerin und den Ministerpr\u00e4sidenten der L\u00e4nder fand am 15. April 2020 im Bundeskanzleramt statt. Es folgte eine Pressenkonferenz mit Angela Merkel, Olaf Scholz, Markus S\u00f6der und Peter Tschentscher.<\/p>\n\n\n\n<p>Bekanntgegeben wurde, dass die Kontaktbeschr\u00e4nkungen bis zum 3. Mai verl\u00e4ngert werden. Der Schulbetrieb in Deutschland wird am 4. Mai wieder beginnen &#8211; zun\u00e4chst mit den Abschlussklassen, dann mit den letzten Klassen der Grundschulen. Es m\u00fcssen Konzepte f\u00fcr den Schulbus und die Pausen erarbeitet werden. Am genannten Tag d\u00fcrfen auch Fris\u00f6re unter Auflagen ihren Betrieb wieder aufnehmen. Sie m\u00fcssen Hygienekonzepte vorweisen; Besch\u00e4ftigte m\u00fcssen pers\u00f6nliche Schutzkleidung tragen. Buchhandlungen, Museen, Zoos, KFZ-H\u00e4ndler, Fahrradh\u00e4ndler und Verkausstellen mit einer Gr\u00f6\u00dfe bis 800 Quadratmeter d\u00fcrfen ab Montag, den 20. April 2020, wieder \u00f6ffnen, wenn bestimmte Vorgaben eingehalten werden.<\/p>\n\n\n\n<p>Weiterhin geschlossen bleiben Hotels, Gastronomiest\u00e4tten, Theater, Konzerth\u00e4user. Zusammenk\u00fcnfte  in Kirchen, Moscheen, Synagogen sowie religi\u00f6se Feiern und Veranstaltungen sind weiterhin verboten. Bis Ende August bleiben zudem Gro\u00dfveranstaltungen und Fu\u00dfballspiele untersagt. Die Definition einer Gro\u00dfveranstaltung  wird wahrscheinlich den L\u00e4ndern obliegen. Zu sogenannten Fu\u00dfball-Geisterspielen gibt es noch keine Entscheidung. Die B\u00fcrger sollen weiterhin auf private Reisen verzichten. Die Reisebeschr\u00e4nkungen gelten auch f\u00fcr Besuche von Verwandten.<\/p>\n\n\n\n<p>Empfohlen werden Alltagsmasken beim Einkaufen und im \u00d6PNV. Eine deutschlandweite Maskenpflicht wird es zun\u00e4chst nicht geben.<\/p>\n\n\n\n<p>Die Bundesregierung ver\u00f6ffentlichte den Beschluss unter der Adresse \u201e<a href=\"https:\/\/www.bundesregierung.de\/breg-de\/themen\/coronavirus\/fahrplan-corona-pandemie-1744202\">https:\/\/www.bundesregierung.de\/breg-de\/themen\/coronavirus\/fahrplan-corona-pandemie-1744202<\/a>\u201d.<\/p>\n\n\n\n<p>Eine ausf\u00fchrliche Darstellung ist unter der Adresse \u201e<a href=\"https:\/\/www.bundesregierung.de\/breg-de\/themen\/coronavirus\/bund-laender-beschluss-1744224\">https:\/\/www.bundesregierung.de\/breg-de\/themen\/coronavirus\/bund-laender-beschluss-1744224<\/a>\u201d zu finden.<\/p>\n","protected":false},"excerpt":{"rendered":"<div class=\"mh-excerpt\"><p>Eine Beratung zwischen der Bundeskanzlerin und den Ministerpr\u00e4sidenten der L\u00e4nder fand am 15. April 2020 im Bundeskanzleramt statt. Es folgte eine Pressenkonferenz mit Angela Merkel, Olaf Scholz, Markus S\u00f6der und Peter Tschentscher. Bekanntgegeben wurde, dass <a class=\"mh-excerpt-more\" href=\"https:\/\/www.studiogera.de\/001\/2020\/04\/15\/ergebnis-der-beratung-zwischen-bk-und-mp-der-laender\/\" title=\"ERGEBNIS DER BERATUNG ZWISCHEN BK UND MP DER L\u00c4NDER\">[&#8230;]<\/a><\/p>\n<\/div>","protected":false},"author":2,"featured_media":9860,"comment_status":"open","ping_status":"open","sticky":false,"template":"","format":"standard","meta":{"footnotes":""},"categories":[2],"tags":[],"class_list":{"0":"post-11072","1":"post","2":"type-post","3":"status-publish","4":"format-standard","5":"has-post-thumbnail","7":"category-weltweit"},"_links":{"self":[{"href":"https:\/\/www.studiogera.de\/001\/wp-json\/wp\/v2\/posts\/11072","targetHints":{"allow":["GET"]}}],"collection":[{"href":"https:\/\/www.studiogera.de\/001\/wp-json\/wp\/v2\/posts"}],"about":[{"href":"https:\/\/www.studiogera.de\/001\/wp-json\/wp\/v2\/types\/post"}],"author":[{"embeddable":true,"href":"https:\/\/www.studiogera.de\/001\/wp-json\/wp\/v2\/users\/2"}],"replies":[{"embeddable":true,"href":"https:\/\/www.studiogera.de\/001\/wp-json\/wp\/v2\/comments?post=11072"}],"version-history":[{"count":1,"href":"https:\/\/www.studiogera.de\/001\/wp-json\/wp\/v2\/posts\/11072\/revisions"}],"predecessor-version":[{"id":11073,"href":"https:\/\/www.studiogera.de\/001\/wp-json\/wp\/v2\/posts\/11072\/revisions\/11073"}],"wp:featuredmedia":[{"embeddable":true,"href":"https:\/\/www.studiogera.de\/001\/wp-json\/wp\/v2\/media\/9860"}],"wp:attachment":[{"href":"https:\/\/www.studiogera.de\/001\/wp-json\/wp\/v2\/media?parent=11072"}],"wp:term":[{"taxonomy":"category","embeddable":true,"href":"https:\/\/www.studiogera.de\/001\/wp-json\/wp\/v2\/categories?post=11072"},{"taxonomy":"post_tag","embeddable":true,"href":"https:\/\/www.studiogera.de\/001\/wp-json\/wp\/v2\/tags?post=11072"}],"curies":[{"name":"wp","href":"https:\/\/api.w.org\/{rel}","templated":true}]}}