{"id":11088,"date":"2020-04-16T11:30:55","date_gmt":"2020-04-16T09:30:55","guid":{"rendered":"http:\/\/www.studiogera.de\/001\/?p=11088"},"modified":"2020-04-16T11:38:45","modified_gmt":"2020-04-16T09:38:45","slug":"wo-darf-wann-der-betrieb-wieder-aufgenommen-werden","status":"publish","type":"post","link":"https:\/\/www.studiogera.de\/001\/2020\/04\/16\/wo-darf-wann-der-betrieb-wieder-aufgenommen-werden\/","title":{"rendered":"WO DARF WANN DER BETRIEB WIEDER AUFGENOMMEN WERDEN?"},"content":{"rendered":"\n<p>Unter der nachfolgenden Adresse der Th\u00fcringer Landesregierung finden Sie die aktuellen Beschl\u00fcsse zu Kinderg\u00e4rten, Schulen, Kultureinrichtungen, Unternehmen, Versammlungen, Gesundheit und Pflege.<\/p>\n\n\n\n<p><a href=\"https:\/\/www.landesregierung-thueringen.de\/medien\/medieninformationen\/detailseite\/33-2020\/\">https:\/\/www.landesregierung-thueringen.de\/medien\/medieninformationen\/detailseite\/33-2020\/<\/a><\/p>\n\n\n\n<p>Dort finden Sie folgende Abschnitte:<\/p>\n\n\n\n<p>I. Beschluss<\/p>\n\n\n\n<p>II. Schlussfolgerungen der Th\u00fcringer Landesregierung aus den Ergebnissen der Telefonschaltkonferenz der Regierungschefinnen und Regierungschefs der L\u00e4nder mit der Bundeskanzlerin am 15. April 2020<\/p>\n\n\n\n<p>I. Anpassung der Th\u00fcringer SARS-CoV-19-Eind\u00e4mmungsma\u00dfnahmenverordnung<\/p>\n\n\n\n<p>II. Bildungssystem<\/p>\n\n\n\n<p>III. Kultur\/Religionsgemeinschaften<\/p>\n\n\n\n<p>IV. Gesundheitssystem\/Pflege<\/p>\n","protected":false},"excerpt":{"rendered":"<div class=\"mh-excerpt\"><p>Unter der nachfolgenden Adresse der Th\u00fcringer Landesregierung finden Sie die aktuellen Beschl\u00fcsse zu Kinderg\u00e4rten, Schulen, Kultureinrichtungen, Unternehmen, Versammlungen, Gesundheit und Pflege. https:\/\/www.landesregierung-thueringen.de\/medien\/medieninformationen\/detailseite\/33-2020\/ Dort finden Sie folgende Abschnitte: I. Beschluss II. Schlussfolgerungen der Th\u00fcringer Landesregierung aus <a class=\"mh-excerpt-more\" href=\"https:\/\/www.studiogera.de\/001\/2020\/04\/16\/wo-darf-wann-der-betrieb-wieder-aufgenommen-werden\/\" title=\"WO DARF WANN DER BETRIEB WIEDER AUFGENOMMEN WERDEN?\">[&#8230;]<\/a><\/p>\n<\/div>","protected":false},"author":3,"featured_media":10673,"comment_status":"open","ping_status":"open","sticky":false,"template":"","format":"standard","meta":{"footnotes":""},"categories":[16],"tags":[],"class_list":{"0":"post-11088","1":"post","2":"type-post","3":"status-publish","4":"format-standard","5":"has-post-thumbnail","7":"category-kurzmitteilungen"},"_links":{"self":[{"href":"https:\/\/www.studiogera.de\/001\/wp-json\/wp\/v2\/posts\/11088","targetHints":{"allow":["GET"]}}],"collection":[{"href":"https:\/\/www.studiogera.de\/001\/wp-json\/wp\/v2\/posts"}],"about":[{"href":"https:\/\/www.studiogera.de\/001\/wp-json\/wp\/v2\/types\/post"}],"author":[{"embeddable":true,"href":"https:\/\/www.studiogera.de\/001\/wp-json\/wp\/v2\/users\/3"}],"replies":[{"embeddable":true,"href":"https:\/\/www.studiogera.de\/001\/wp-json\/wp\/v2\/comments?post=11088"}],"version-history":[{"count":2,"href":"https:\/\/www.studiogera.de\/001\/wp-json\/wp\/v2\/posts\/11088\/revisions"}],"predecessor-version":[{"id":11091,"href":"https:\/\/www.studiogera.de\/001\/wp-json\/wp\/v2\/posts\/11088\/revisions\/11091"}],"wp:featuredmedia":[{"embeddable":true,"href":"https:\/\/www.studiogera.de\/001\/wp-json\/wp\/v2\/media\/10673"}],"wp:attachment":[{"href":"https:\/\/www.studiogera.de\/001\/wp-json\/wp\/v2\/media?parent=11088"}],"wp:term":[{"taxonomy":"category","embeddable":true,"href":"https:\/\/www.studiogera.de\/001\/wp-json\/wp\/v2\/categories?post=11088"},{"taxonomy":"post_tag","embeddable":true,"href":"https:\/\/www.studiogera.de\/001\/wp-json\/wp\/v2\/tags?post=11088"}],"curies":[{"name":"wp","href":"https:\/\/api.w.org\/{rel}","templated":true}]}}