{"id":1112,"date":"2017-06-16T13:23:27","date_gmt":"2017-06-16T11:23:27","guid":{"rendered":"http:\/\/www.studiogera.de\/001\/?p=1112"},"modified":"2017-06-16T13:23:27","modified_gmt":"2017-06-16T11:23:27","slug":"zehnter-schuelerfreiwilligentag-in-gera","status":"publish","type":"post","link":"https:\/\/www.studiogera.de\/001\/2017\/06\/16\/zehnter-schuelerfreiwilligentag-in-gera\/","title":{"rendered":"ZEHNTER SCH\u00dcLERFREIWILLIGENTAG IN GERA"},"content":{"rendered":"<p>345 junge Leute beteiligen sich am 14. Juni 2017 am zehnten Th\u00fcringer Sch\u00fclerfreiwilligentag in der Stadt Gera. Die Stadt Gera, die Th\u00fcringer Ehrenamtsstiftung, das Netzwerk der Freiwilligenagenturen und B\u00fcrgerstiftungen, zu der auch die Ehrenamtszentrale der Otto-Dix-Stadt z\u00e4hlt, haben wieder gemeinsam dieses Projekt organisiert. <\/p>\n<p>Sch\u00fcler aus dem Rutheneum, dem Karl-Theodor-Liebe-Gymnasium, der Integrierten Gesamtschule, der Regelschule 1 \u2013 Otto Dix, der Regelschule 4 &#8211; Mediaschule, der Regelschule 10 \u2013 Ostschule (Europaschule), dem CJD &#8211; Christophorusschule, der Schule zur individuellen Lebensbew\u00e4ltigung der Lebenshilfe Schulen gGmbH, der SBBS Gesundheit, Soziales und Sozialp\u00e4dagogik, dem Staatlichen Regionalen F\u00f6rderzentrum \u201eAm Brahmetal\u201c und der Freien Gemeinschaftsschule der Grundig Akademie Gera schnuppern in 44 verschiedenen sozialen, kirchlichen, umweltorientierten und anderen Institutionen sowie in Fachdiensten der Stadt Gera in Sachen ehrenamtlicher sozialer Arbeit. <\/p>\n<p>Dazu geh\u00f6rten u. a. Senioren- und Pflegeheime, der Th\u00fcringer Waldzoo, der Fachdienst Brand- und Katastrophenschutz, die BIP Kreativit\u00e4ts-Kindertagesst\u00e4tte Kreativhaus Gera, die KITA \u201eAm Schreberweg\u201c, die Kita \u201eL\u00f6wenzahn\u201c, die Volkssolidarit\u00e4t Kreisverband Gera e. V., die Arbeiterwohlfahrt, die DO Diakonie Ostth\u00fcringen gem. GmbH, die AWO AJS gGmbH,  die Hospizbewegung Gera e. V., der Verein Musik f\u00fcr Gera e. V. Fete de la Musique, der Caritas-Verband f\u00fcr Ostth\u00fcringen e. V, das SRH Waldklinikum Gera GmbH, die Lebenshilfe Werkst\u00e4tten Gera gGmbH, das SCHATZ-Haus Gera, das Caritas \u201eHaus Emmaus\u201c, das B\u00fcrgerforum LEBEN-UMWELT e. V. und die Stadt- und Regionalbibliothek. <\/p>\n<p>Die Mitarbeiter der Einsatzstellen k\u00f6nnen sich auch in diesem Jahr \u00fcber sehr aktive und engagierte Sch\u00fcler freuen. Der Th\u00fcringer Sch\u00fclerfreiwilligentag, der von der Th\u00fcringer Ehrenamtsstiftung mit einer einmaligen finanziellen Zuwendung unterst\u00fctzt wird, soll junge Menschen systematisch und koordiniert an Angebote und M\u00f6glichkeiten ehrenamtlicher T\u00e4tigkeiten heranf\u00fchren, sie daf\u00fcr gewinnen, anleiten und unterst\u00fctzen.<\/p>\n<p>(Bild und Text: Stadtverwaltung)<\/p>\n","protected":false},"excerpt":{"rendered":"<div class=\"mh-excerpt\"><p>345 junge Leute beteiligen sich am 14. Juni 2017 am zehnten Th\u00fcringer Sch\u00fclerfreiwilligentag in der Stadt Gera. Die Stadt Gera, die Th\u00fcringer Ehrenamtsstiftung, das Netzwerk der Freiwilligenagenturen und B\u00fcrgerstiftungen, zu der auch die Ehrenamtszentrale der <a class=\"mh-excerpt-more\" href=\"https:\/\/www.studiogera.de\/001\/2017\/06\/16\/zehnter-schuelerfreiwilligentag-in-gera\/\" title=\"ZEHNTER SCH\u00dcLERFREIWILLIGENTAG IN GERA\">[&#8230;]<\/a><\/p>\n<\/div>","protected":false},"author":2,"featured_media":1113,"comment_status":"open","ping_status":"open","sticky":false,"template":"","format":"standard","meta":{"footnotes":""},"categories":[6],"tags":[],"class_list":{"0":"post-1112","1":"post","2":"type-post","3":"status-publish","4":"format-standard","5":"has-post-thumbnail","7":"category-gesellschaft"},"_links":{"self":[{"href":"https:\/\/www.studiogera.de\/001\/wp-json\/wp\/v2\/posts\/1112","targetHints":{"allow":["GET"]}}],"collection":[{"href":"https:\/\/www.studiogera.de\/001\/wp-json\/wp\/v2\/posts"}],"about":[{"href":"https:\/\/www.studiogera.de\/001\/wp-json\/wp\/v2\/types\/post"}],"author":[{"embeddable":true,"href":"https:\/\/www.studiogera.de\/001\/wp-json\/wp\/v2\/users\/2"}],"replies":[{"embeddable":true,"href":"https:\/\/www.studiogera.de\/001\/wp-json\/wp\/v2\/comments?post=1112"}],"version-history":[{"count":1,"href":"https:\/\/www.studiogera.de\/001\/wp-json\/wp\/v2\/posts\/1112\/revisions"}],"predecessor-version":[{"id":1114,"href":"https:\/\/www.studiogera.de\/001\/wp-json\/wp\/v2\/posts\/1112\/revisions\/1114"}],"wp:featuredmedia":[{"embeddable":true,"href":"https:\/\/www.studiogera.de\/001\/wp-json\/wp\/v2\/media\/1113"}],"wp:attachment":[{"href":"https:\/\/www.studiogera.de\/001\/wp-json\/wp\/v2\/media?parent=1112"}],"wp:term":[{"taxonomy":"category","embeddable":true,"href":"https:\/\/www.studiogera.de\/001\/wp-json\/wp\/v2\/categories?post=1112"},{"taxonomy":"post_tag","embeddable":true,"href":"https:\/\/www.studiogera.de\/001\/wp-json\/wp\/v2\/tags?post=1112"}],"curies":[{"name":"wp","href":"https:\/\/api.w.org\/{rel}","templated":true}]}}