{"id":11206,"date":"2020-05-06T11:06:19","date_gmt":"2020-05-06T09:06:19","guid":{"rendered":"http:\/\/www.studiogera.de\/001\/?p=11206"},"modified":"2020-05-06T11:06:21","modified_gmt":"2020-05-06T09:06:21","slug":"gnm-hohe-beteiligung-an-wettbewerb-zur-freiraumgestaltung","status":"publish","type":"post","link":"https:\/\/www.studiogera.de\/001\/2020\/05\/06\/gnm-hohe-beteiligung-an-wettbewerb-zur-freiraumgestaltung\/","title":{"rendered":"GNM \u2014 HOHE BETEILIGUNG AN WETTBEWERB ZUR FREIRAUMGESTALTUNG"},"content":{"rendered":"\n<p>Bei dem offenen Realisierungs- und Ideenwettbewerb zur Gestaltung des neuen Freiraums Mitte ist eine hohe Beteiligung und gro\u00dfes fachliches Interesse aus der Berufsgruppe der Landschaftsarchitekten in Zusammenarbeit mit Stadtplanern zu verzeichnen. Dieser wurde von der Stadt Gera zum Ende des Jahres 2019 europaweit ausgelobt. Die Federf\u00fchrung zur Betreuung des gesamten Verfahrens liegt beim Architekturb\u00fcro Wittenberg aus Weimar.<\/p>\n\n\n\n<p>Die Projektleitung zu Geras Neuer Mitte sowie dessen Partner \u201eJa &#8211; f\u00fcr Gera e. V.\u201c und \u201eIBA Th\u00fcringen\u201c freuen sich \u00fcber die hohe Beteiligung. Insgesamt 19 Arbeiten wurden fristgerecht eingereicht. Der n\u00e4chste Schritt ist die Vorpr\u00fcfung der eingereichten Arbeiten. Dabei werden die Entw\u00fcrfe auf Vollst\u00e4ndigkeit, Einhaltung der Wettbewerbsbedingungen und Auslobungskriterien gepr\u00fcft.<br>\n&nbsp;<br>\nErkennbar wird das gro\u00dfe Interesse an der Stadt und an der Gestaltung des zentralen \u00f6ffentlichen Raumes. Kernelemente sind der Gr\u00fcnzug und die Pl\u00e4tze vor dem Kultur- und Kongresszentrum sowie dem Stadtmuseum. Damit wird der erste und zentrale Baustein des Stadtentwicklungsprojektes Geras Neue Mitte gesetzt, um die 2,5 Hektar gro\u00dfe Brachfl\u00e4che zu revitalisieren und dem Zentrum einen Impuls durch ein attraktives Innenstadtquartier mit hoher Aufenthaltsqualit\u00e4t zu geben.<br>\n&nbsp;<br>\nSofern es die zu diesem Zeitpunkt g\u00fcltigen Einschr\u00e4nkungen erlauben, wird das Preisgericht am 26. Mai 2020 tagen und alle eingereichten Arbeiten bewerten. Neben f\u00fcnf namhaften Landschaftsarchitekten aus Deutschland und Schweiz geh\u00f6ren der Jury Oberb\u00fcrgermeister Julian Vonarb, zwei Stadtr\u00e4te und ein Vertreter des Vereins \u201eJa &#8211; f\u00fcr Gera\u201c an. Weitere Vertreter aus st\u00e4dtischen Vereinen, zwei B\u00fcrger sowie Mitarbeiter der Verwaltung werden ebenfalls an der Preisgerichtssitzung als Sachverst\u00e4ndige und G\u00e4ste teilnehmen.<br>\n&nbsp;<br>\nUnter Vorbehalt der aktuellen Entwicklung finden die Preisverleihung und die Er\u00f6ffnung der Ausstellung \u201eKUK an III\u201c mit allen eingereichten Entw\u00fcrfen und Informationen zu weiteren Innenstadtprojekten am 2. Juni 2020 statt. Gleichzeitig soll die diesj\u00e4hrige B\u00fcrgerakademie mit Vortr\u00e4gen zu \u00d6kologie und Stadtentwicklung starten, veranstaltet von \u201eJa &#8211; f\u00fcr Gera e. V.\u201c in Kooperation mit der Volkshochschule Anne Biermann.<br>\n&nbsp;<br>\nDie Entw\u00fcrfe k\u00f6nnen dann bis zum 30. Juni 2020 studiert werden. Alle Interessierten k\u00f6nnen sich \u00fcber die n\u00e4chsten Schritte in Geras Neuer Mitte informieren und ins Gespr\u00e4ch mit den Projektpartnern kommen. Zugleich werde es f\u00fcr Besucher einen \u00dcberblick \u00fcber weitere Entwicklungen in der Innenstadt geben, zum Beispiel zum neuen Campus oder die von internationalen Studenten der Bauhaus Universit\u00e4t Weimar entwickelten Ideen zur m\u00f6glichen Entwicklung des Zschochernplatzes.<br>\n&nbsp;<br>\nWissenswertes zu Geras Neuer Mitte finden Sie ebenfalls unter:<\/p>\n\n\n\n<p><a href=\"https:\/\/www.gera.de\/gnm\">https:\/\/www.gera.de\/gnm<\/a><br> <a href=\"https:\/\/www.iba-thueringen.de\/geras-neue-mitte\">https:\/\/www.iba-thueringen.de\/geras-neue-mitte<\/a><\/p>\n\n\n\n<p>QUELLE: STADTVERWALTUNG<\/p>\n","protected":false},"excerpt":{"rendered":"<div class=\"mh-excerpt\"><p>Bei dem offenen Realisierungs- und Ideenwettbewerb zur Gestaltung des neuen Freiraums Mitte ist eine hohe Beteiligung und gro\u00dfes fachliches Interesse aus der Berufsgruppe der Landschaftsarchitekten in Zusammenarbeit mit Stadtplanern zu verzeichnen. Dieser wurde von der <a class=\"mh-excerpt-more\" href=\"https:\/\/www.studiogera.de\/001\/2020\/05\/06\/gnm-hohe-beteiligung-an-wettbewerb-zur-freiraumgestaltung\/\" title=\"GNM \u2014 HOHE BETEILIGUNG AN WETTBEWERB ZUR FREIRAUMGESTALTUNG\">[&#8230;]<\/a><\/p>\n<\/div>","protected":false},"author":3,"featured_media":8461,"comment_status":"open","ping_status":"open","sticky":false,"template":"","format":"standard","meta":{"footnotes":""},"categories":[3],"tags":[],"class_list":{"0":"post-11206","1":"post","2":"type-post","3":"status-publish","4":"format-standard","5":"has-post-thumbnail","7":"category-lokal"},"_links":{"self":[{"href":"https:\/\/www.studiogera.de\/001\/wp-json\/wp\/v2\/posts\/11206","targetHints":{"allow":["GET"]}}],"collection":[{"href":"https:\/\/www.studiogera.de\/001\/wp-json\/wp\/v2\/posts"}],"about":[{"href":"https:\/\/www.studiogera.de\/001\/wp-json\/wp\/v2\/types\/post"}],"author":[{"embeddable":true,"href":"https:\/\/www.studiogera.de\/001\/wp-json\/wp\/v2\/users\/3"}],"replies":[{"embeddable":true,"href":"https:\/\/www.studiogera.de\/001\/wp-json\/wp\/v2\/comments?post=11206"}],"version-history":[{"count":1,"href":"https:\/\/www.studiogera.de\/001\/wp-json\/wp\/v2\/posts\/11206\/revisions"}],"predecessor-version":[{"id":11207,"href":"https:\/\/www.studiogera.de\/001\/wp-json\/wp\/v2\/posts\/11206\/revisions\/11207"}],"wp:featuredmedia":[{"embeddable":true,"href":"https:\/\/www.studiogera.de\/001\/wp-json\/wp\/v2\/media\/8461"}],"wp:attachment":[{"href":"https:\/\/www.studiogera.de\/001\/wp-json\/wp\/v2\/media?parent=11206"}],"wp:term":[{"taxonomy":"category","embeddable":true,"href":"https:\/\/www.studiogera.de\/001\/wp-json\/wp\/v2\/categories?post=11206"},{"taxonomy":"post_tag","embeddable":true,"href":"https:\/\/www.studiogera.de\/001\/wp-json\/wp\/v2\/tags?post=11206"}],"curies":[{"name":"wp","href":"https:\/\/api.w.org\/{rel}","templated":true}]}}