{"id":11208,"date":"2020-05-06T12:29:54","date_gmt":"2020-05-06T10:29:54","guid":{"rendered":"http:\/\/www.studiogera.de\/001\/?p=11208"},"modified":"2020-05-06T12:30:42","modified_gmt":"2020-05-06T10:30:42","slug":"wiedereroeffnung-der-gvb-verkaufsstelle","status":"publish","type":"post","link":"https:\/\/www.studiogera.de\/001\/2020\/05\/06\/wiedereroeffnung-der-gvb-verkaufsstelle\/","title":{"rendered":"WIEDERER\u00d6FFNUNG DER GVB-VERKAUFSSTELLE"},"content":{"rendered":"\n<p>Ab Montag, den 11. Mai 2020, steht die Beratungs- und Verkaufsstelle des Geraer Verkehrsbetriebes in der Heinrichstra\u00dfe 35 wieder zu den gewohnten \u00d6ffnungszeiten zur Verf\u00fcgung.<br>\n&nbsp;<br>\nEntsprechend der Bestimmungen im \u00f6ffentlichen Raum sind dabei die Abstandsregeln, die durch Markierungen auf dem Boden gekennzeichnet sind, einzuhalten. Der GVB weist auf die Pflicht zum Tragen eines Mund-Nase-Schutzes im Geb\u00e4ude sowie in den Verkehrsmitteln hin. Die Hygiene- und Abstandsregeln gelten auch f\u00fcr die Mitarbeiter der Dienststelle. Die Beraterpl\u00e4tze sind durch eine Plexiglasscheibe von den Besuchern getrennt.<br>\n&nbsp;<br>\nKunden sich auch weiterhin telefonisch oder \u00fcber&nbsp;<a href=\"mailto:kundenservice@gvbgera.de\">kundenservice@gvbgera.de<\/a>&nbsp;mit Anliegen an den GVB wenden. Informationen sind au\u00dferdem unter&nbsp;<a href=\"http:\/\/www.gvbgera.de\/\">www.gvbgera.de<\/a> abrufbar.<\/p>\n","protected":false},"excerpt":{"rendered":"<div class=\"mh-excerpt\"><p>Ab Montag, den 11. Mai 2020, steht die Beratungs- und Verkaufsstelle des Geraer Verkehrsbetriebes in der Heinrichstra\u00dfe 35 wieder zu den gewohnten \u00d6ffnungszeiten zur Verf\u00fcgung. &nbsp; Entsprechend der Bestimmungen im \u00f6ffentlichen Raum sind dabei die <a class=\"mh-excerpt-more\" href=\"https:\/\/www.studiogera.de\/001\/2020\/05\/06\/wiedereroeffnung-der-gvb-verkaufsstelle\/\" title=\"WIEDERER\u00d6FFNUNG DER GVB-VERKAUFSSTELLE\">[&#8230;]<\/a><\/p>\n<\/div>","protected":false},"author":3,"featured_media":1630,"comment_status":"open","ping_status":"open","sticky":false,"template":"","format":"standard","meta":{"footnotes":""},"categories":[16],"tags":[],"class_list":{"0":"post-11208","1":"post","2":"type-post","3":"status-publish","4":"format-standard","5":"has-post-thumbnail","7":"category-kurzmitteilungen"},"_links":{"self":[{"href":"https:\/\/www.studiogera.de\/001\/wp-json\/wp\/v2\/posts\/11208","targetHints":{"allow":["GET"]}}],"collection":[{"href":"https:\/\/www.studiogera.de\/001\/wp-json\/wp\/v2\/posts"}],"about":[{"href":"https:\/\/www.studiogera.de\/001\/wp-json\/wp\/v2\/types\/post"}],"author":[{"embeddable":true,"href":"https:\/\/www.studiogera.de\/001\/wp-json\/wp\/v2\/users\/3"}],"replies":[{"embeddable":true,"href":"https:\/\/www.studiogera.de\/001\/wp-json\/wp\/v2\/comments?post=11208"}],"version-history":[{"count":2,"href":"https:\/\/www.studiogera.de\/001\/wp-json\/wp\/v2\/posts\/11208\/revisions"}],"predecessor-version":[{"id":11210,"href":"https:\/\/www.studiogera.de\/001\/wp-json\/wp\/v2\/posts\/11208\/revisions\/11210"}],"wp:featuredmedia":[{"embeddable":true,"href":"https:\/\/www.studiogera.de\/001\/wp-json\/wp\/v2\/media\/1630"}],"wp:attachment":[{"href":"https:\/\/www.studiogera.de\/001\/wp-json\/wp\/v2\/media?parent=11208"}],"wp:term":[{"taxonomy":"category","embeddable":true,"href":"https:\/\/www.studiogera.de\/001\/wp-json\/wp\/v2\/categories?post=11208"},{"taxonomy":"post_tag","embeddable":true,"href":"https:\/\/www.studiogera.de\/001\/wp-json\/wp\/v2\/tags?post=11208"}],"curies":[{"name":"wp","href":"https:\/\/api.w.org\/{rel}","templated":true}]}}