{"id":11225,"date":"2020-05-08T11:43:47","date_gmt":"2020-05-08T09:43:47","guid":{"rendered":"http:\/\/www.studiogera.de\/001\/?p=11225"},"modified":"2020-05-08T11:46:08","modified_gmt":"2020-05-08T09:46:08","slug":"oberbuergermeister-und-krisenstab-appellieren-an-die-buerger","status":"publish","type":"post","link":"https:\/\/www.studiogera.de\/001\/2020\/05\/08\/oberbuergermeister-und-krisenstab-appellieren-an-die-buerger\/","title":{"rendered":"OBERB\u00dcRGERMEISTER UND KRISENSTAB APPELLIEREN AN DIE B\u00dcRGER"},"content":{"rendered":"\n<p>Der weltweite Ausbruch des Coronavirus SARS-CoV-2 und die daraus resultierende Erkrankung COVID-19 hat auch die Stadt Gera nicht verschont. Aus diesem Grunde arbeitet der Krisenstab der Stadt Gera bereits seit dem 15. M\u00e4rz 2020 an der Umsetzung zahlreicher Ma\u00dfnahmen zum Schutz der Geraer B\u00fcrger. Zu diesen Ma\u00dfnahmen z\u00e4hlen unter anderem die Schaffung zus\u00e4tzlicher Testkapazit\u00e4ten mittels einer mobilen Teststrecke auf dem Hofwiesenparkplatz, der Einsatz eines \u201efliegenden Teams\u201c f\u00fcr Testungen insbesondere in Heimen, die Beschaffung von Schutzausr\u00fcstung beispielsweise f\u00fcr Pflege- und Altenheime, die Durchf\u00fchrung von Hygieneberatungen in verschiedenen Einrichtungen und die stetig andauernde Information der B\u00fcrger sowie Zusammenarbeit mit den Medien. \u201eIn den vergangenen Monaten haben wir mithilfe vieler Ma\u00dfnahmen zusammen mit dem Gesundheitsamt und Unterst\u00fctzung durch Bundeswehr, THW, Polizei, Rettungsdienstzweckverband Ostth\u00fcringen, ASB und DRK die schnelle Ausbreitung des Coronavirus SARS-CoV-2 eind\u00e4mmen k\u00f6nnen\u201c, sagt der B\u00fcrgermeister und Leiter des Krisenstabes, Kurt Dannenberg.<\/p>\n\n\n\n<p>Auch Oberb\u00fcrgermeister Julian Vonarb berichtete t\u00e4glich zu neuen Ma\u00dfnahmen, Verordnungen, und stellte sich selbst in die Pflicht, Aufkl\u00e4rungsarbeit zu leisten. Er gibt bekannt: \u201eNun sind wir auf einem guten Weg, weitere Lockerungen der Beschr\u00e4nkungen durchzusetzen und auch die letzten noch geschlossenen Einrichtungen und Unternehmen bald \u00f6ffnen zu k\u00f6nnen, sobald die angek\u00fcndigte Verordnung des Freistaats vorliegt.\u201c<\/p>\n\n\n\n<p>J\u00fcngst beschlossen die Ministerpr\u00e4sidenten der L\u00e4nder in der Telefonkonferenz mit Bundeskanzlerin Merkel, dass die Landkreise und kreisfreien St\u00e4dte verpflichtet werden, bei 50 Neuinfektionen pro 100&#8217;000 Einwohner innerhalb von sieben Tagen, die Lockerungen r\u00fcckg\u00e4ngig zu machen und erneut strenge Ma\u00dfnahmen zu ergreifen.<\/p>\n\n\n\n<p>Oberb\u00fcrgermeister Vonarb appelliert daher an die B\u00fcrger, Eigenverantwortung zu \u00fcbernehmen: \u201eDie Nichteinhaltung der Hygiene- und Schutzma\u00dfnahmen gef\u00e4hrdet alle derzeitigen Bem\u00fchungen, Lockerungen durchzusetzen, und kann unsere Unternehmer in eine weitere, ihre Existenz bedrohende Lage bringen.\u201c<\/p>\n\n\n\n<p>QUELLE: STADTVERWALTUNG<\/p>\n","protected":false},"excerpt":{"rendered":"<div class=\"mh-excerpt\"><p>Der weltweite Ausbruch des Coronavirus SARS-CoV-2 und die daraus resultierende Erkrankung COVID-19 hat auch die Stadt Gera nicht verschont. Aus diesem Grunde arbeitet der Krisenstab der Stadt Gera bereits seit dem 15. M\u00e4rz 2020 an <a class=\"mh-excerpt-more\" href=\"https:\/\/www.studiogera.de\/001\/2020\/05\/08\/oberbuergermeister-und-krisenstab-appellieren-an-die-buerger\/\" title=\"OBERB\u00dcRGERMEISTER UND KRISENSTAB APPELLIEREN AN DIE B\u00dcRGER\">[&#8230;]<\/a><\/p>\n<\/div>","protected":false},"author":3,"featured_media":7605,"comment_status":"open","ping_status":"open","sticky":false,"template":"","format":"standard","meta":{"footnotes":""},"categories":[3],"tags":[],"class_list":{"0":"post-11225","1":"post","2":"type-post","3":"status-publish","4":"format-standard","5":"has-post-thumbnail","7":"category-lokal"},"_links":{"self":[{"href":"https:\/\/www.studiogera.de\/001\/wp-json\/wp\/v2\/posts\/11225","targetHints":{"allow":["GET"]}}],"collection":[{"href":"https:\/\/www.studiogera.de\/001\/wp-json\/wp\/v2\/posts"}],"about":[{"href":"https:\/\/www.studiogera.de\/001\/wp-json\/wp\/v2\/types\/post"}],"author":[{"embeddable":true,"href":"https:\/\/www.studiogera.de\/001\/wp-json\/wp\/v2\/users\/3"}],"replies":[{"embeddable":true,"href":"https:\/\/www.studiogera.de\/001\/wp-json\/wp\/v2\/comments?post=11225"}],"version-history":[{"count":1,"href":"https:\/\/www.studiogera.de\/001\/wp-json\/wp\/v2\/posts\/11225\/revisions"}],"predecessor-version":[{"id":11226,"href":"https:\/\/www.studiogera.de\/001\/wp-json\/wp\/v2\/posts\/11225\/revisions\/11226"}],"wp:featuredmedia":[{"embeddable":true,"href":"https:\/\/www.studiogera.de\/001\/wp-json\/wp\/v2\/media\/7605"}],"wp:attachment":[{"href":"https:\/\/www.studiogera.de\/001\/wp-json\/wp\/v2\/media?parent=11225"}],"wp:term":[{"taxonomy":"category","embeddable":true,"href":"https:\/\/www.studiogera.de\/001\/wp-json\/wp\/v2\/categories?post=11225"},{"taxonomy":"post_tag","embeddable":true,"href":"https:\/\/www.studiogera.de\/001\/wp-json\/wp\/v2\/tags?post=11225"}],"curies":[{"name":"wp","href":"https:\/\/api.w.org\/{rel}","templated":true}]}}