{"id":11230,"date":"2020-05-09T22:43:31","date_gmt":"2020-05-09T20:43:31","guid":{"rendered":"http:\/\/www.studiogera.de\/001\/?p=11230"},"modified":"2020-05-09T23:03:59","modified_gmt":"2020-05-09T21:03:59","slug":"mehrere-hundert-menschen-demonstrieren-gegen-einschraenkungen","status":"publish","type":"post","link":"https:\/\/www.studiogera.de\/001\/2020\/05\/09\/mehrere-hundert-menschen-demonstrieren-gegen-einschraenkungen\/","title":{"rendered":"MEHRERE HUNDERT MENSCHEN DEMONSTRIEREN GEGEN EINSCHR\u00c4NKUNGEN"},"content":{"rendered":"\n<p>Rund 750 B\u00fcrger beteiligten sich am 9. Mai 2020 in der Zeit zwischen 15.30 Uhr und 17 Uhr an einem sogenannten Corona-Spaziergang, um gegen die derzeitigen Einschr\u00e4nkungen zu demonstrieren. Initiator und Anmelder war der Geraer Unternehmer Peter Schmidt. Er hielt zun\u00e4chst auf dem Marktplatz eine Rede; anschlie\u00dfend setzten dich die Teilnehmer in Bewegung. Der Weg f\u00fchrte vom Marktplatz die Gro\u00dfe Kirchstra\u00dfe hinauf, die Sorge herunter, und schlie\u00dflich \u00fcber den Platz vor dem Kultur- und Kongresszentrum.<\/p>\n\n\n\n<p>Angemahnt wurde eine z\u00fcgige \u00d6ffnung der Wirtschaft \u201emit erf\u00fcllbaren Auflagen, mit Ma\u00df und Mitte\u201c. Es wurden Schilder hochgehalten mit Aufschriften wie: <br> \u201eNein zu Zwangsimpfungen, nein zum Maulkorb, nein zum Wirtschaftswahnsinn, nein zu Bill Gates\u201c. Einige Teilnehmer f\u00fchrten das Grundgesetz mit sich. Unter ihnen befanden sich mehrere Gewerbetreibende. <\/p>\n\n\n\n<p>Mit dabei war auch der FDP-Politiker Thomas Kemmerich. Auf sein Erscheinen reagierten einige Teilnehmer jedoch ver\u00e4rgert und riefen \u201ehau ab\u201c.<\/p>\n\n\n\n<p>Die Polizei war mit einem gro\u00dfen Aufgebot vor Ort und schrieb abschlie\u00dfend von einer \u201edurchweg friedlichen und st\u00f6rungsfreien Versammlung\u201c. Ihr Einsatzkonzept sei aufgegangen. Allerdings wird sie von Bef\u00fcrwortern der Corona-Regeln kritisiert: Die Mehrheit der Teilnehmer habe, geduldet von der Polizei, weder einen Mundschutz getragen, noch die Abstandsregeln eingehalten. Auch sei die maximale Gruppengr\u00f6\u00dfe von 50 Personen deutlich \u00fcberschritten worden. Man d\u00fcrfe nicht nur auf die eigenen Grundrechte beharren, sondern m\u00fcsse auch das Grundrecht aller auf Leben und k\u00f6rperlicher Unversehrtheit beachten. Andere sprachen sogar von einer rechtswidrigen Veranstaltung, deren Drahtzieher haupts\u00e4chlich aus Neonazis, Verschw\u00f6rungstheoretikern, AFD- und Querfront-Anh\u00e4ngern best\u00fcnden, und riefen zur Anzeige auf.<\/p>\n\n\n\n<p>Bereits am 2. Mai hatte es eine Veranstaltung gegen die Corona-Regeln gegeben, die aber nicht angemeldet war und deutlich weniger Teilnehmer hatte. Mittlerweile nehmen die Zweifel an den offiziellen Verlautbarungen sowie den erlassenen Ma\u00dfnahmen deutlich zu. Auch in vielen anderen deutschen St\u00e4dten protestierten am 9. Mai zahlreiche Menschen gegen die Verordnungen und Einschr\u00e4nkungen.<\/p>\n","protected":false},"excerpt":{"rendered":"<div class=\"mh-excerpt\"><p>Rund 750 B\u00fcrger beteiligten sich am 9. Mai 2020 in der Zeit zwischen 15.30 Uhr und 17 Uhr an einem sogenannten Corona-Spaziergang, um gegen die derzeitigen Einschr\u00e4nkungen zu demonstrieren. Initiator und Anmelder war der Geraer <a class=\"mh-excerpt-more\" href=\"https:\/\/www.studiogera.de\/001\/2020\/05\/09\/mehrere-hundert-menschen-demonstrieren-gegen-einschraenkungen\/\" title=\"MEHRERE HUNDERT MENSCHEN DEMONSTRIEREN GEGEN EINSCHR\u00c4NKUNGEN\">[&#8230;]<\/a><\/p>\n<\/div>","protected":false},"author":3,"featured_media":6809,"comment_status":"open","ping_status":"open","sticky":false,"template":"","format":"standard","meta":{"footnotes":""},"categories":[16],"tags":[],"class_list":{"0":"post-11230","1":"post","2":"type-post","3":"status-publish","4":"format-standard","5":"has-post-thumbnail","7":"category-kurzmitteilungen"},"_links":{"self":[{"href":"https:\/\/www.studiogera.de\/001\/wp-json\/wp\/v2\/posts\/11230","targetHints":{"allow":["GET"]}}],"collection":[{"href":"https:\/\/www.studiogera.de\/001\/wp-json\/wp\/v2\/posts"}],"about":[{"href":"https:\/\/www.studiogera.de\/001\/wp-json\/wp\/v2\/types\/post"}],"author":[{"embeddable":true,"href":"https:\/\/www.studiogera.de\/001\/wp-json\/wp\/v2\/users\/3"}],"replies":[{"embeddable":true,"href":"https:\/\/www.studiogera.de\/001\/wp-json\/wp\/v2\/comments?post=11230"}],"version-history":[{"count":3,"href":"https:\/\/www.studiogera.de\/001\/wp-json\/wp\/v2\/posts\/11230\/revisions"}],"predecessor-version":[{"id":11233,"href":"https:\/\/www.studiogera.de\/001\/wp-json\/wp\/v2\/posts\/11230\/revisions\/11233"}],"wp:featuredmedia":[{"embeddable":true,"href":"https:\/\/www.studiogera.de\/001\/wp-json\/wp\/v2\/media\/6809"}],"wp:attachment":[{"href":"https:\/\/www.studiogera.de\/001\/wp-json\/wp\/v2\/media?parent=11230"}],"wp:term":[{"taxonomy":"category","embeddable":true,"href":"https:\/\/www.studiogera.de\/001\/wp-json\/wp\/v2\/categories?post=11230"},{"taxonomy":"post_tag","embeddable":true,"href":"https:\/\/www.studiogera.de\/001\/wp-json\/wp\/v2\/tags?post=11230"}],"curies":[{"name":"wp","href":"https:\/\/api.w.org\/{rel}","templated":true}]}}