{"id":11245,"date":"2020-05-12T12:33:41","date_gmt":"2020-05-12T10:33:41","guid":{"rendered":"http:\/\/www.studiogera.de\/001\/?p=11245"},"modified":"2020-05-12T12:34:48","modified_gmt":"2020-05-12T10:34:48","slug":"sprechtag-des-thueringer-buergerbeauftragten","status":"publish","type":"post","link":"https:\/\/www.studiogera.de\/001\/2020\/05\/12\/sprechtag-des-thueringer-buergerbeauftragten\/","title":{"rendered":"SPRECHTAG DES TH\u00dcRINGER B\u00dcRGERBEAUFTRAGTEN"},"content":{"rendered":"\n<p>Der Th\u00fcringer B\u00fcrgerbeauftragte, Dr. Kurt Herzberg, f\u00fchrt am 26. Mai erstmals nach den Corona-bedingten Ausf\u00e4llen einen Sprechtag in Gera durch. Die Gespr\u00e4che finden ab 9 Uhr in der Stadtverwaltung Gera, Am Kornmarkt 12, 07545 Gera statt. Unter Einhaltung der geltenden Infektionsschutzbestimmungen wird der B\u00fcrgerbeauftragte vor Ort zu Fragen und Bitten der B\u00fcrger beraten sowie Anregungen und Beschwerden aufnehmen. Aus organisatorischen Gr\u00fcnden ist es notwendig, dass Interessierte zuvor einen pers\u00f6nlichen Gespr\u00e4chstermin unter der Rufnummer 0361 57 3113871 vereinbaren.<\/p>\n\n\n\n<p>\u201eIm Gespr\u00e4ch mit den Menschen versuche ich, ihre Anliegen zu kl\u00e4ren und sie im Umgang mit Beh\u00f6rden zu unterst\u00fctzen. Gerade der Dialog, das Miteinanderreden, das Interesse f\u00fcr die Dinge der B\u00fcrger und der ernste Wille ihnen zu helfen, sehe ich als die Kernpunkte meiner Arbeit\u201c, so Dr. Kurt Herzberg. Wichtig ist es ihm auch, so Dr. Herzberg weiter, regelm\u00e4\u00dfig in den Th\u00fcringer Kommunen vor Ort zu sein, denn nicht jeder B\u00fcrger hat die M\u00f6glichkeit zu einem Sprechtag nach Erfurt zu kommen.<\/p>\n\n\n\n<p>Unterlagen, etwa Bescheide oder Schreiben der Beh\u00f6rden, die die Anliegen betreffen, sollten zu den Gespr\u00e4chsterminen mitgebracht werden.<\/p>\n\n\n\n<p>Der Th\u00fcringer B\u00fcrgerbeauftragte hilft B\u00fcrgern in allen F\u00e4llen, in denen sie von einer Handlung der \u00f6ffentlichen Verwaltung betroffen sind. Jeder hat das Recht, sich mit seinem Anliegen an den B\u00fcrgerbeauftragten zu wenden. Der B\u00fcrgerbeauftragte befasst sich mit den von B\u00fcrgern herangetragenen W\u00fcnschen, Anliegen und Vorschl\u00e4gen und hilft ihnen im Umgang mit Beh\u00f6rden. Er wirkt auf eine schnelle, unb\u00fcrokratische und einvernehmliche Erledigung der B\u00fcrgeranliegen hin. Sofern der B\u00fcrgerbeauftragte nicht zust\u00e4ndig ist, leitet er das Anliegen an die entsprechende Stelle weiter. Die Beratung ist kostenlos.<\/p>\n\n\n\n<p>Weitere Informationen sowie Termine f\u00fcr Gespr\u00e4che im B\u00fcro des B\u00fcrgerbeauftragten in Erfurt sind unter www.buergerbeauftragter-thueringen.de zu finden. B\u00fcrgeranliegen k\u00f6nnen auch schriftlich an post@buergerbeauftragter-thueringen.de sowie postalisch an das Postfach 90 04 55, 99096 Erfurt gerichtet werden. <\/p>\n","protected":false},"excerpt":{"rendered":"<div class=\"mh-excerpt\"><p>Der Th\u00fcringer B\u00fcrgerbeauftragte, Dr. Kurt Herzberg, f\u00fchrt am 26. Mai erstmals nach den Corona-bedingten Ausf\u00e4llen einen Sprechtag in Gera durch. Die Gespr\u00e4che finden ab 9 Uhr in der Stadtverwaltung Gera, Am Kornmarkt 12, 07545 Gera <a class=\"mh-excerpt-more\" href=\"https:\/\/www.studiogera.de\/001\/2020\/05\/12\/sprechtag-des-thueringer-buergerbeauftragten\/\" title=\"SPRECHTAG DES TH\u00dcRINGER B\u00dcRGERBEAUFTRAGTEN\">[&#8230;]<\/a><\/p>\n<\/div>","protected":false},"author":2,"featured_media":0,"comment_status":"open","ping_status":"open","sticky":false,"template":"","format":"standard","meta":{"footnotes":""},"categories":[16],"tags":[],"class_list":{"0":"post-11245","1":"post","2":"type-post","3":"status-publish","4":"format-standard","6":"category-kurzmitteilungen"},"_links":{"self":[{"href":"https:\/\/www.studiogera.de\/001\/wp-json\/wp\/v2\/posts\/11245","targetHints":{"allow":["GET"]}}],"collection":[{"href":"https:\/\/www.studiogera.de\/001\/wp-json\/wp\/v2\/posts"}],"about":[{"href":"https:\/\/www.studiogera.de\/001\/wp-json\/wp\/v2\/types\/post"}],"author":[{"embeddable":true,"href":"https:\/\/www.studiogera.de\/001\/wp-json\/wp\/v2\/users\/2"}],"replies":[{"embeddable":true,"href":"https:\/\/www.studiogera.de\/001\/wp-json\/wp\/v2\/comments?post=11245"}],"version-history":[{"count":2,"href":"https:\/\/www.studiogera.de\/001\/wp-json\/wp\/v2\/posts\/11245\/revisions"}],"predecessor-version":[{"id":11247,"href":"https:\/\/www.studiogera.de\/001\/wp-json\/wp\/v2\/posts\/11245\/revisions\/11247"}],"wp:attachment":[{"href":"https:\/\/www.studiogera.de\/001\/wp-json\/wp\/v2\/media?parent=11245"}],"wp:term":[{"taxonomy":"category","embeddable":true,"href":"https:\/\/www.studiogera.de\/001\/wp-json\/wp\/v2\/categories?post=11245"},{"taxonomy":"post_tag","embeddable":true,"href":"https:\/\/www.studiogera.de\/001\/wp-json\/wp\/v2\/tags?post=11245"}],"curies":[{"name":"wp","href":"https:\/\/api.w.org\/{rel}","templated":true}]}}