{"id":11251,"date":"2020-05-12T15:00:25","date_gmt":"2020-05-12T13:00:25","guid":{"rendered":"http:\/\/www.studiogera.de\/001\/?p=11251"},"modified":"2020-05-12T15:00:27","modified_gmt":"2020-05-12T13:00:27","slug":"beschraenkung-der-teilnehmerzahl-wird-aufgehoben","status":"publish","type":"post","link":"https:\/\/www.studiogera.de\/001\/2020\/05\/12\/beschraenkung-der-teilnehmerzahl-wird-aufgehoben\/","title":{"rendered":"BESCHR\u00c4NKUNG DER TEILNEHMERZAHL WIRD AUFGEHOBEN"},"content":{"rendered":"\n<p>Ab dem 13. Mai 2020 sind in Th\u00fcringen wieder Demonstationen ohne Beschr\u00e4nkung der Teilnehmerzahl m\u00f6glich. Wie das Th\u00fcringer Ministerium f\u00fcr Arbeit, Soziales, Gesundheit, Frauen und Familie am 12. Mai 2020 mitteilte, einigte sich die Landesregierung auf eine entsprechende Verordnung. Derzeit gibt es im Land f\u00fcr Versammlungen unter freiem Himmel eine Obergrenze von 50 Teilnehmern.<\/p>\n\n\n\n<p>Zugleich berichten mehrere Zeitungen, Ministerin Heike Werner fordere ein konsequentes Einschreiten der Polizei, wenn die Hygiene-Vorgaben bei Protesten und Demonstrationen missachtet werden.<\/p>\n\n\n\n<p>In mehreren deutschen St\u00e4dten hatte es am vergangenen Wochenende Proteste mit hohen Teilnehmerzahlen gegeben, die sich gegen die sogenannten Corona-Regeln richteten. Auf politischer Ebene war man vom Ausma\u00df teilweise \u00fcberrascht.<\/p>\n","protected":false},"excerpt":{"rendered":"<div class=\"mh-excerpt\"><p>Ab dem 13. Mai 2020 sind in Th\u00fcringen wieder Demonstationen ohne Beschr\u00e4nkung der Teilnehmerzahl m\u00f6glich. Wie das Th\u00fcringer Ministerium f\u00fcr Arbeit, Soziales, Gesundheit, Frauen und Familie am 12. Mai 2020 mitteilte, einigte sich die Landesregierung <a class=\"mh-excerpt-more\" href=\"https:\/\/www.studiogera.de\/001\/2020\/05\/12\/beschraenkung-der-teilnehmerzahl-wird-aufgehoben\/\" title=\"BESCHR\u00c4NKUNG DER TEILNEHMERZAHL WIRD AUFGEHOBEN\">[&#8230;]<\/a><\/p>\n<\/div>","protected":false},"author":2,"featured_media":10673,"comment_status":"open","ping_status":"open","sticky":false,"template":"","format":"standard","meta":{"footnotes":""},"categories":[16],"tags":[],"class_list":{"0":"post-11251","1":"post","2":"type-post","3":"status-publish","4":"format-standard","5":"has-post-thumbnail","7":"category-kurzmitteilungen"},"_links":{"self":[{"href":"https:\/\/www.studiogera.de\/001\/wp-json\/wp\/v2\/posts\/11251","targetHints":{"allow":["GET"]}}],"collection":[{"href":"https:\/\/www.studiogera.de\/001\/wp-json\/wp\/v2\/posts"}],"about":[{"href":"https:\/\/www.studiogera.de\/001\/wp-json\/wp\/v2\/types\/post"}],"author":[{"embeddable":true,"href":"https:\/\/www.studiogera.de\/001\/wp-json\/wp\/v2\/users\/2"}],"replies":[{"embeddable":true,"href":"https:\/\/www.studiogera.de\/001\/wp-json\/wp\/v2\/comments?post=11251"}],"version-history":[{"count":1,"href":"https:\/\/www.studiogera.de\/001\/wp-json\/wp\/v2\/posts\/11251\/revisions"}],"predecessor-version":[{"id":11252,"href":"https:\/\/www.studiogera.de\/001\/wp-json\/wp\/v2\/posts\/11251\/revisions\/11252"}],"wp:featuredmedia":[{"embeddable":true,"href":"https:\/\/www.studiogera.de\/001\/wp-json\/wp\/v2\/media\/10673"}],"wp:attachment":[{"href":"https:\/\/www.studiogera.de\/001\/wp-json\/wp\/v2\/media?parent=11251"}],"wp:term":[{"taxonomy":"category","embeddable":true,"href":"https:\/\/www.studiogera.de\/001\/wp-json\/wp\/v2\/categories?post=11251"},{"taxonomy":"post_tag","embeddable":true,"href":"https:\/\/www.studiogera.de\/001\/wp-json\/wp\/v2\/tags?post=11251"}],"curies":[{"name":"wp","href":"https:\/\/api.w.org\/{rel}","templated":true}]}}