{"id":11254,"date":"2020-05-14T11:30:10","date_gmt":"2020-05-14T09:30:10","guid":{"rendered":"http:\/\/www.studiogera.de\/001\/?p=11254"},"modified":"2020-05-14T11:44:20","modified_gmt":"2020-05-14T09:44:20","slug":"protestveranstaltungen-fuer-samstag-angemeldet","status":"publish","type":"post","link":"https:\/\/www.studiogera.de\/001\/2020\/05\/14\/protestveranstaltungen-fuer-samstag-angemeldet\/","title":{"rendered":"PROTESTVERANSTALTUNGEN F\u00dcR SAMSTAG ANGEMELDET"},"content":{"rendered":"\n<p>F\u00fcr Samstag, den 16. Mai, wurden weitere Versammlungen angemeldet. Jene gegen die Corona-Regeln soll um 15.30 Uhr auf dem Marktplatz beginnen. Anschlie\u00dfend folgt ein gemeinsamer Gang durch die Innenstadt. Der Name des Initiators ist bekannt; im Internet ist sein Abbild unter anderem auf einem nichtbeh\u00f6rdlichen Ausweis &#8222;Deutsches Reich&#8220; zu sehen. Eine Verbindung zum vormaligen Initiator besteht nach gegenw\u00e4rtigen Erkenntnissen nicht. Geplant ist auch eine Gegendemonstration, welche sich gegen Verschw\u00f6rungsideen richtet.<\/p>\n\n\n\n<p>Die Polizei wird wieder in gr\u00f6\u00dferer Zahl pr\u00e4sent sein und die Einhaltung der Allgemeinverf\u00fcgung kontrollieren.<\/p>\n","protected":false},"excerpt":{"rendered":"<div class=\"mh-excerpt\"><p>F\u00fcr Samstag, den 16. Mai, wurden weitere Versammlungen angemeldet. Jene gegen die Corona-Regeln soll um 15.30 Uhr auf dem Marktplatz beginnen. Anschlie\u00dfend folgt ein gemeinsamer Gang durch die Innenstadt. Der Name des Initiators ist bekannt; <a class=\"mh-excerpt-more\" href=\"https:\/\/www.studiogera.de\/001\/2020\/05\/14\/protestveranstaltungen-fuer-samstag-angemeldet\/\" title=\"PROTESTVERANSTALTUNGEN F\u00dcR SAMSTAG ANGEMELDET\">[&#8230;]<\/a><\/p>\n<\/div>","protected":false},"author":3,"featured_media":6809,"comment_status":"open","ping_status":"open","sticky":false,"template":"","format":"standard","meta":{"footnotes":""},"categories":[16],"tags":[],"class_list":{"0":"post-11254","1":"post","2":"type-post","3":"status-publish","4":"format-standard","5":"has-post-thumbnail","7":"category-kurzmitteilungen"},"_links":{"self":[{"href":"https:\/\/www.studiogera.de\/001\/wp-json\/wp\/v2\/posts\/11254","targetHints":{"allow":["GET"]}}],"collection":[{"href":"https:\/\/www.studiogera.de\/001\/wp-json\/wp\/v2\/posts"}],"about":[{"href":"https:\/\/www.studiogera.de\/001\/wp-json\/wp\/v2\/types\/post"}],"author":[{"embeddable":true,"href":"https:\/\/www.studiogera.de\/001\/wp-json\/wp\/v2\/users\/3"}],"replies":[{"embeddable":true,"href":"https:\/\/www.studiogera.de\/001\/wp-json\/wp\/v2\/comments?post=11254"}],"version-history":[{"count":3,"href":"https:\/\/www.studiogera.de\/001\/wp-json\/wp\/v2\/posts\/11254\/revisions"}],"predecessor-version":[{"id":11257,"href":"https:\/\/www.studiogera.de\/001\/wp-json\/wp\/v2\/posts\/11254\/revisions\/11257"}],"wp:featuredmedia":[{"embeddable":true,"href":"https:\/\/www.studiogera.de\/001\/wp-json\/wp\/v2\/media\/6809"}],"wp:attachment":[{"href":"https:\/\/www.studiogera.de\/001\/wp-json\/wp\/v2\/media?parent=11254"}],"wp:term":[{"taxonomy":"category","embeddable":true,"href":"https:\/\/www.studiogera.de\/001\/wp-json\/wp\/v2\/categories?post=11254"},{"taxonomy":"post_tag","embeddable":true,"href":"https:\/\/www.studiogera.de\/001\/wp-json\/wp\/v2\/tags?post=11254"}],"curies":[{"name":"wp","href":"https:\/\/api.w.org\/{rel}","templated":true}]}}