{"id":11258,"date":"2020-05-14T23:45:30","date_gmt":"2020-05-14T21:45:30","guid":{"rendered":"http:\/\/www.studiogera.de\/001\/?p=11258"},"modified":"2020-05-14T23:45:32","modified_gmt":"2020-05-14T21:45:32","slug":"eingeschraenkter-regelbetrieb-in-kindertagesstaetten","status":"publish","type":"post","link":"https:\/\/www.studiogera.de\/001\/2020\/05\/14\/eingeschraenkter-regelbetrieb-in-kindertagesstaetten\/","title":{"rendered":"EINGESCHR\u00c4NKTER REGELBETRIEB IN KINDERTAGESST\u00c4TTEN"},"content":{"rendered":"\n<p>In einer Sondersitzung der AG Kita haben sich am Donnerstag, den 14. Mai 2020, Vertreter des Geraer Jugendamtes, der Kindertagesst\u00e4tten-Tr\u00e4ger und des Stadtelternbeirates auf den weiteren Ablaufplan zur Kindertagesst\u00e4tten-Betreuung geeinigt.<\/p>\n\n\n\n<p>Demnach soll der \u201eeingeschr\u00e4nkte Regelbetrieb\u201c f\u00fcr alle Kinder, die eine Geraer Kindertageseinrichtung besuchen, am 2. Juni 2020 beginnen. Ab dem 18. Mai wird die Notbetreuung um jene Kinder erweitert: f\u00fcr alle Jungen und M\u00e4dchen, die in diesem Jahr eingeschult werden sowie deren Geschwisterkinder.<br> \u00a0<br> \u201eWir begr\u00fc\u00dfen\u00a0die stufenweise \u00d6ffnung\u00a0sehr\u00a0und danken allen Beteiligten f\u00fcr Ihr engagiertes Arbeiten\u201c, betont Geras Sozialdezernentin Sandra Wanzar. \u201eDer Stufenplan wurde\u00a0auch im Vorhinein\u00a0mit dem Gesundheitsamt\u00a0besprochen\u00a0und erm\u00f6glicht mindestens 40 Prozent aller Kita-Kindern ab der kommenden Woche eine Notbetreuung.\u201c<br> \u00a0<br> Wie genau der \u201eeingeschr\u00e4nkte Regelbetrieb\u201c ab dem 2. Juni aussehen soll, wird nun in einem weiteren Schritt durch die Tr\u00e4ger der insgesamt 40\u00a0Kitas erarbeitet. \u201eDas ist unter anderem abh\u00e4ngig von den\u00a0personellen und r\u00e4umlichen\u00a0Gegebenheiten in den jeweiligen Einrichtungen\u201c, so Sandra Wanzar.\u00a0<br> \u00a0<br> Die AG Kita trifft sich am 27. Mai 2020 erneut, um sich \u00fcber die Konzepte auszutauschen. \u201eIch freue mich, dass sich die Beteiligten nur zwei Tage nach Ver\u00f6ffentlichung der Th\u00fcringer Verordnung auf einen gemeinsamen, zeitlichen Fahrplan geeinigt haben. Wir werden den Tr\u00e4gern der Kindertagesst\u00e4tten in den kommenden Tagen und Wochen bestm\u00f6glich zur Seite stehen\u201c, res\u00fcmiert der Geraer Oberb\u00fcrgermeister.<\/p>\n\n\n\n<p>QUELLE: STADTVERWALTUNG<\/p>\n","protected":false},"excerpt":{"rendered":"<div class=\"mh-excerpt\"><p>In einer Sondersitzung der AG Kita haben sich am Donnerstag, den 14. Mai 2020, Vertreter des Geraer Jugendamtes, der Kindertagesst\u00e4tten-Tr\u00e4ger und des Stadtelternbeirates auf den weiteren Ablaufplan zur Kindertagesst\u00e4tten-Betreuung geeinigt. Demnach soll der \u201eeingeschr\u00e4nkte Regelbetrieb\u201c <a class=\"mh-excerpt-more\" href=\"https:\/\/www.studiogera.de\/001\/2020\/05\/14\/eingeschraenkter-regelbetrieb-in-kindertagesstaetten\/\" title=\"EINGESCHR\u00c4NKTER REGELBETRIEB IN KINDERTAGESST\u00c4TTEN\">[&#8230;]<\/a><\/p>\n<\/div>","protected":false},"author":3,"featured_media":8540,"comment_status":"open","ping_status":"open","sticky":false,"template":"","format":"standard","meta":{"footnotes":""},"categories":[6],"tags":[],"class_list":{"0":"post-11258","1":"post","2":"type-post","3":"status-publish","4":"format-standard","5":"has-post-thumbnail","7":"category-gesellschaft"},"_links":{"self":[{"href":"https:\/\/www.studiogera.de\/001\/wp-json\/wp\/v2\/posts\/11258","targetHints":{"allow":["GET"]}}],"collection":[{"href":"https:\/\/www.studiogera.de\/001\/wp-json\/wp\/v2\/posts"}],"about":[{"href":"https:\/\/www.studiogera.de\/001\/wp-json\/wp\/v2\/types\/post"}],"author":[{"embeddable":true,"href":"https:\/\/www.studiogera.de\/001\/wp-json\/wp\/v2\/users\/3"}],"replies":[{"embeddable":true,"href":"https:\/\/www.studiogera.de\/001\/wp-json\/wp\/v2\/comments?post=11258"}],"version-history":[{"count":1,"href":"https:\/\/www.studiogera.de\/001\/wp-json\/wp\/v2\/posts\/11258\/revisions"}],"predecessor-version":[{"id":11259,"href":"https:\/\/www.studiogera.de\/001\/wp-json\/wp\/v2\/posts\/11258\/revisions\/11259"}],"wp:featuredmedia":[{"embeddable":true,"href":"https:\/\/www.studiogera.de\/001\/wp-json\/wp\/v2\/media\/8540"}],"wp:attachment":[{"href":"https:\/\/www.studiogera.de\/001\/wp-json\/wp\/v2\/media?parent=11258"}],"wp:term":[{"taxonomy":"category","embeddable":true,"href":"https:\/\/www.studiogera.de\/001\/wp-json\/wp\/v2\/categories?post=11258"},{"taxonomy":"post_tag","embeddable":true,"href":"https:\/\/www.studiogera.de\/001\/wp-json\/wp\/v2\/tags?post=11258"}],"curies":[{"name":"wp","href":"https:\/\/api.w.org\/{rel}","templated":true}]}}