{"id":11260,"date":"2020-05-15T00:37:36","date_gmt":"2020-05-14T22:37:36","guid":{"rendered":"http:\/\/www.studiogera.de\/001\/?p=11260"},"modified":"2020-05-15T00:37:37","modified_gmt":"2020-05-14T22:37:37","slug":"wiedereroeffnung-des-stadtarchivs","status":"publish","type":"post","link":"https:\/\/www.studiogera.de\/001\/2020\/05\/15\/wiedereroeffnung-des-stadtarchivs\/","title":{"rendered":"WIEDERER\u00d6FFNUNG DES STADTARCHIVS"},"content":{"rendered":"\n<p>Das Stadtarchiv musste f\u00fcr rund zwei Monate seine T\u00fcren f\u00fcr die \u00f6ffentliche Benutzung schlie\u00dfen. Unter Ber\u00fccksichtigung der allgemein geltenden Hygieneregeln, insbesondere des Tragens einer Mund-Nase-Bedeckung und der Einhaltung der vorgegebenen Abstandsregeln zwischen Personen, ist das Stadtarchiv ab dem 18. Mai 2020 wieder eingeschr\u00e4nkt f\u00fcr die \u00f6ffentliche Benutzung zug\u00e4nglich. Da aufgrund der bestehenden Hygienevorgaben nur eine begrenzte Anzahl an Benutzern gleichzeitig im Lesesaal forschen kann, sind eine vorherige schriftliche oder telefonische Anmeldung und der Erhalt einer Terminbest\u00e4tigung durch das Stadtarchiv zur Einsichtnahme in das Archivgut unerl\u00e4sslich.<br> \u00a0<br>Die Kontaktdaten des Stadtarchivs lauten:<br> \u00a0<br> Stadtarchiv Gera<br> Gagarinstra\u00dfe 99<br> 07545 Gera<br> <a href=\"mailto:stadtarchiv@gera.de\">stadtarchiv@gera.de<\/a><br> Rufnummer 0365 8382140 bis -2143<\/p>\n","protected":false},"excerpt":{"rendered":"<div class=\"mh-excerpt\"><p>Das Stadtarchiv musste f\u00fcr rund zwei Monate seine T\u00fcren f\u00fcr die \u00f6ffentliche Benutzung schlie\u00dfen. Unter Ber\u00fccksichtigung der allgemein geltenden Hygieneregeln, insbesondere des Tragens einer Mund-Nase-Bedeckung und der Einhaltung der vorgegebenen Abstandsregeln zwischen Personen, ist das <a class=\"mh-excerpt-more\" href=\"https:\/\/www.studiogera.de\/001\/2020\/05\/15\/wiedereroeffnung-des-stadtarchivs\/\" title=\"WIEDERER\u00d6FFNUNG DES STADTARCHIVS\">[&#8230;]<\/a><\/p>\n<\/div>","protected":false},"author":3,"featured_media":1630,"comment_status":"open","ping_status":"open","sticky":false,"template":"","format":"standard","meta":{"footnotes":""},"categories":[16],"tags":[],"class_list":{"0":"post-11260","1":"post","2":"type-post","3":"status-publish","4":"format-standard","5":"has-post-thumbnail","7":"category-kurzmitteilungen"},"_links":{"self":[{"href":"https:\/\/www.studiogera.de\/001\/wp-json\/wp\/v2\/posts\/11260","targetHints":{"allow":["GET"]}}],"collection":[{"href":"https:\/\/www.studiogera.de\/001\/wp-json\/wp\/v2\/posts"}],"about":[{"href":"https:\/\/www.studiogera.de\/001\/wp-json\/wp\/v2\/types\/post"}],"author":[{"embeddable":true,"href":"https:\/\/www.studiogera.de\/001\/wp-json\/wp\/v2\/users\/3"}],"replies":[{"embeddable":true,"href":"https:\/\/www.studiogera.de\/001\/wp-json\/wp\/v2\/comments?post=11260"}],"version-history":[{"count":1,"href":"https:\/\/www.studiogera.de\/001\/wp-json\/wp\/v2\/posts\/11260\/revisions"}],"predecessor-version":[{"id":11261,"href":"https:\/\/www.studiogera.de\/001\/wp-json\/wp\/v2\/posts\/11260\/revisions\/11261"}],"wp:featuredmedia":[{"embeddable":true,"href":"https:\/\/www.studiogera.de\/001\/wp-json\/wp\/v2\/media\/1630"}],"wp:attachment":[{"href":"https:\/\/www.studiogera.de\/001\/wp-json\/wp\/v2\/media?parent=11260"}],"wp:term":[{"taxonomy":"category","embeddable":true,"href":"https:\/\/www.studiogera.de\/001\/wp-json\/wp\/v2\/categories?post=11260"},{"taxonomy":"post_tag","embeddable":true,"href":"https:\/\/www.studiogera.de\/001\/wp-json\/wp\/v2\/tags?post=11260"}],"curies":[{"name":"wp","href":"https:\/\/api.w.org\/{rel}","templated":true}]}}