{"id":11624,"date":"2020-06-23T00:10:35","date_gmt":"2020-06-22T22:10:35","guid":{"rendered":"http:\/\/www.studiogera.de\/001\/?p=11624"},"modified":"2020-06-23T00:10:37","modified_gmt":"2020-06-22T22:10:37","slug":"david-van-amstel-aus-bad-homburg-gibt-carillon-konzert","status":"publish","type":"post","link":"https:\/\/www.studiogera.de\/001\/2020\/06\/23\/david-van-amstel-aus-bad-homburg-gibt-carillon-konzert\/","title":{"rendered":"DAVID VAN AMSTEL AUS BAD HOMBURG GIBT CARILLON-KONZERT"},"content":{"rendered":"\n<p>In der gegenw\u00e4rtig schwierigen Zeit, wo es nicht selbstverst\u00e4ndlich ist, Musik auf direktem Wege erleben zu k\u00f6nnen, wird sich der Geraer Markt am Freitag, den 26. Juni 2020, ab 13 Uhr in einen Konzert-Saal unter freiem Himmel verwandeln. Es gibt, unabh\u00e4ngig vom Wochenmarkt, gen\u00fcgend Platz, dass das Publikum ohne Probleme den erforderlichen Mindestabstand von anderthalb.Metern einhalten kann. Zudem wird der Markt rund um die Uhr mit Frischluft versorgt. Der Musiker sitzt hoch im Turm am Spieltisch und bespielt mit H\u00e4nden und F\u00fc\u00dfen die 37 Glocken. Musik aus drei Jahrhunderten erklingt \u00fcber den Markt.<\/p>\n\n\n\n<p>Im Mittelalter waren Turmglocken nicht nur da, um die Menschen zur Kirche zu rufen. Es gab z. B. auch eine Glocke, die man l\u00e4utete, um den B\u00fcrgern zu vermitteln, dass die Stadttore schlie\u00dfen, eine andere Glocke klang, wenn ein Mensch gestorben war, wieder eine andere wurde gel\u00e4utet, wenn Hilfe von den B\u00fcrgern geboten war, weil ein Geb\u00e4ude brannte. Die Menschen in der Stadt konnten die Glocken mit ihren verschiedenen Tonh\u00f6hen unterscheiden und wussten so genau, was los war. Mit so vielen gr\u00f6\u00dferen und kleineren Glocken in einem Turm entstand die Idee, auch Musik darauf zu spielen. Und so fungierte ein Glockenturm im Mittelalter als eine Art Rundfunk: Nachrichten und Musik wechselten einander ab \u2014 alles ohne Elektronik und in Echtzeit.<\/p>\n\n\n\n<p>Das Geraer Glockenspiel auf dem Rathausturm mit seinem brillanten Klang aus rund 40 Metern H\u00f6he erklang erstmals im Jahre 1988. Seine Geschichte seit nunmehr 32 Jahren ist durchaus wechselvoll.<br>\nSeit 2016 engagiert sich der F\u00f6rderverein Rechtspflege, Kunst und Kultur e. V., dass das sch\u00f6ne Instrument wieder regelm\u00e4\u00dfig f\u00fcr die Geraer und G\u00e4ste erklingt. Es ist allen vertraut geworden und aus dem Stadtzentrum nicht mehr wegzudenken. Mit Musik, den Jahreszeiten entsprechend, und mit ausgew\u00e4hlten Werken zu besonderen Anl\u00e4ssen vermitteln die Spieler um Udo Pein immer wieder ein besonderes Flair.<\/p>\n\n\n\n<p>Ein Gastkonzert ist eher seltener zu erleben. Deshalb bildet der Auftritt von David van Amstel am Freitag, den 26. Juni 2020, eine Besonderheit. David von Amstel, geboren im Jahre 1970 in Amsterdam, hat 2015 seine Ausbildung zum Carilloneur bei Boudewijn Zwart am Carillon Instituut Nederland in Dordrecht in den Niederlanden angefangen. Seit 2019 studiert er an der K\u00f6niglichen Carillonschule in Mechelen in Belgien bei Koen van Assche. In Deutschlang bespielt David van Amstel die Carillons der Alten Nikolaikirche in Frankfurt am Main und der Marktkirche in Wiesbaden. Hauptberuflich arbeitet er beim Kinder-Palliativteam S\u00fcdhessen.<\/p>\n\n\n\n<p>Die Stadt Gera und der Gast, Carilloneur David van Amstel, laden alle Geraer und G\u00e4ste ganz herzlich am Freitag, den 26. Juni 2020, um 13 Uhr auf den Geraer Marktplatz ein, um dem musikalischen Zauber vom Geraer Rathausturm zu lauschen.<\/p>\n\n\n\n<p>QUELLE: STADTVERWALTUNG<\/p>\n","protected":false},"excerpt":{"rendered":"<div class=\"mh-excerpt\"><p>In der gegenw\u00e4rtig schwierigen Zeit, wo es nicht selbstverst\u00e4ndlich ist, Musik auf direktem Wege erleben zu k\u00f6nnen, wird sich der Geraer Markt am Freitag, den 26. Juni 2020, ab 13 Uhr in einen Konzert-Saal unter <a class=\"mh-excerpt-more\" href=\"https:\/\/www.studiogera.de\/001\/2020\/06\/23\/david-van-amstel-aus-bad-homburg-gibt-carillon-konzert\/\" title=\"DAVID VAN AMSTEL AUS BAD HOMBURG GIBT CARILLON-KONZERT\">[&#8230;]<\/a><\/p>\n<\/div>","protected":false},"author":2,"featured_media":11626,"comment_status":"open","ping_status":"open","sticky":false,"template":"","format":"standard","meta":{"footnotes":""},"categories":[8],"tags":[],"class_list":{"0":"post-11624","1":"post","2":"type-post","3":"status-publish","4":"format-standard","5":"has-post-thumbnail","7":"category-kultur"},"_links":{"self":[{"href":"https:\/\/www.studiogera.de\/001\/wp-json\/wp\/v2\/posts\/11624","targetHints":{"allow":["GET"]}}],"collection":[{"href":"https:\/\/www.studiogera.de\/001\/wp-json\/wp\/v2\/posts"}],"about":[{"href":"https:\/\/www.studiogera.de\/001\/wp-json\/wp\/v2\/types\/post"}],"author":[{"embeddable":true,"href":"https:\/\/www.studiogera.de\/001\/wp-json\/wp\/v2\/users\/2"}],"replies":[{"embeddable":true,"href":"https:\/\/www.studiogera.de\/001\/wp-json\/wp\/v2\/comments?post=11624"}],"version-history":[{"count":1,"href":"https:\/\/www.studiogera.de\/001\/wp-json\/wp\/v2\/posts\/11624\/revisions"}],"predecessor-version":[{"id":11625,"href":"https:\/\/www.studiogera.de\/001\/wp-json\/wp\/v2\/posts\/11624\/revisions\/11625"}],"wp:featuredmedia":[{"embeddable":true,"href":"https:\/\/www.studiogera.de\/001\/wp-json\/wp\/v2\/media\/11626"}],"wp:attachment":[{"href":"https:\/\/www.studiogera.de\/001\/wp-json\/wp\/v2\/media?parent=11624"}],"wp:term":[{"taxonomy":"category","embeddable":true,"href":"https:\/\/www.studiogera.de\/001\/wp-json\/wp\/v2\/categories?post=11624"},{"taxonomy":"post_tag","embeddable":true,"href":"https:\/\/www.studiogera.de\/001\/wp-json\/wp\/v2\/tags?post=11624"}],"curies":[{"name":"wp","href":"https:\/\/api.w.org\/{rel}","templated":true}]}}