{"id":11627,"date":"2020-06-23T00:42:51","date_gmt":"2020-06-22T22:42:51","guid":{"rendered":"http:\/\/www.studiogera.de\/001\/?p=11627"},"modified":"2020-06-23T00:42:53","modified_gmt":"2020-06-22T22:42:53","slug":"bauarbeiten-am-karl-theodor-liebe-gymnasium","status":"publish","type":"post","link":"https:\/\/www.studiogera.de\/001\/2020\/06\/23\/bauarbeiten-am-karl-theodor-liebe-gymnasium\/","title":{"rendered":"BAUARBEITEN AM KARL-THEODOR-LIEBE-GYMNASIUM"},"content":{"rendered":"\n<p>Das Karl-Theodor-Liebe-Gymnasium wird modernisiert und vergr\u00f6\u00dfert. Zum Baubeginn am 22. Juni 2020 sagte Geras Oberb\u00fcrgermeister Julian Vonarb vor Ort: \u201eWir setzen jetzt einen weiteren Beschlusspunkt des Schulnetzplanes der Stadt Gera um. Und auch im Liebe-Gymnasium sollen sich die Unterrichtsbedingungen f\u00fcr Sch\u00fcler&#8217;innen und Lehrkr\u00e4fte weiter verbessern.\u201c <\/p>\n\n\n\n<p><strong>Ziele der Bauma\u00dfnahmen<\/strong><br> Erstes Ziel ist das Erweitern der Kapazit\u00e4t des Gymnasiums von zurzeit maximal 530 auf k\u00fcnftig bis zu 600 Sch\u00fcler. Gegenw\u00e4rtig unterrichten 50 Lehrer 514 F\u00fcnft- bis Zw\u00f6lftkl\u00e4ssler. Laut Dr. Frank R\u00fchling, Leiter des st\u00e4dtischen Amtes f\u00fcr Bildung, sei die Kapazit\u00e4tserweiterung erforderlich, um den wachsenden Bedarf an Sch\u00fclerpl\u00e4tzen zu decken und den steigenden Anspr\u00fcchen an differenzierten Unterricht zu folgen. Zweites Ziel sind Modernisierungen und Barrierefreiheit im Schulgel\u00e4nde und in den Objekten.<\/p>\n\n\n\n<p><strong>Bauplan 2020 bis 2022<\/strong><br> Momentan nutzt die Schule ausschlie\u00dflich das \u00e4ltere Schulgeb\u00e4ude Trebnitzer Stra\u00dfe 18. Das Haus aus dem Baujahr 1956 entlang der Kurt-Keicher-Stra\u00dfe geh\u00f6rt zum Denkmalensemble Mendelssohnweg-Trebnitzer Stra\u00dfe 18. Mehr Kapazit\u00e4t erbringt die zu reaktivierende, unmittelbar benachbarte Plattenbauschule Trebnitzer Stra\u00dfe 20. Diese stammt aus dem Jahre 1974, war bis 1989 allgemeinbildende polytechnische Schule f\u00fcr die Klassen 1 bis 10, dann 1990\/1991 kurzzeitig Gymnasium, anschlie\u00dfend bis 2004 Grundschule und seitdem steht sie leer. Hier entstehen acht Klassenr\u00e4ume, vier Kursr\u00e4ume und acht Fachunterrichtsr\u00e4ume \u2013 jeweils zwei f\u00fcr Biologie, Physik, Geografie und Musik sowie ein gro\u00dfz\u00fcgiges Lehrerzimmer. Nicht ein Einzug mit Kreidetafeln, sondern eine moderne multimediale Ausstattung auf dem neuesten Stand werde angestrebt, so Schulleiter Ralf Z\u00f6ller. Er weist darauf hin, dass es bei der gegenw\u00e4rtigen Sch\u00fclerzahl am Gymnasium keine Einschr\u00e4nkungen f\u00fcr die Sch\u00fcler gab aufgrund baulicher Unzul\u00e4nglichkeiten. Die Stundenplanung erfolge so, dass der regul\u00e4re Schulbetrieb uneingeschr\u00e4nkt m\u00f6glich sei.<\/p>\n\n\n\n<p>Um den Bau jetzt ungehindert zu erm\u00f6glichen, wurden bereits zum Jahresanfang Wildwuchs und einzelne B\u00e4ume auf dem Gel\u00e4nde entfernt. Der Zweckverband Wasser\/Abwasser Mittleres Elstertal verlegte neue Wasser- und Abwasseranschl\u00fcsse in der Trebnitzer Stra\u00dfe. Jetzt l\u00e4uft der Teilr\u00fcckbau der Plattenbauschule. Ein Geb\u00e4udeteil wird eingek\u00fcrzt, das hei\u00dft, \u00fcber alle vier Etagen seitlich abgebaut. Dann geht es an die Sanierung des Schulteils, der bleibt. Komplettsanierung hei\u00dft dabei, die Schule bekommt neben der energetischen Sanierung das Komplettpaket von neuen Grundrissen f\u00fcr Barrierefreiheit und Rettungswege bis zu neuen Fenstern, T\u00fcren, Sanit\u00e4ranlagen und das, was eine moderne Schule braucht. Ein Fahrstuhl sichert Barrierefreiheit.<\/p>\n\n\n\n<p>Auch die Freianlagen bieten k\u00fcnftig barrierefreie Wegeverbindungen zwischen Hofeing\u00e4ngen und beiden Schulgeb\u00e4uden. Eine neue elektronische Hausalarmanlage stellt Durchsagen und den Pausengong in alle Schulteile sicher.<\/p>\n\n\n\n<p>Im \u00e4lteren Schulhaus Nr. 18 setzen die Bauleute auch an. Das Schulhaus war schon 2002 innen und 2011 energetisch saniert worden. Voraussichtlich im Jahre 2022 entsteht ein Behinderten-WC im Erdgeschoss, erhalten die Unterrichtsr\u00e4ume Blendschutz und Akustikelemente und das Schulhaus von au\u00dfen einen Fahrstuhl f\u00fcr mehr Barrierefreiheit.<\/p>\n\n\n\n<p><strong>Termine<\/strong><br> Auf einen verbindlichen Termin zum Abschluss der Bauarbeiten kann sich die Stadtverwaltung zurzeit noch nicht festlegen. \u201eWir werden so z\u00fcgig wie m\u00f6glich bauen und wollen gern zum Schuljahresbeginn 2022\/2023 das Projekt abgeschlossen haben. Aber wir bleiben sicher auch in diesem Projekt von den Problemen am Markt und der Corona-Pandemie nicht unbedingt verschont\u201c, so Sven-Gunnar Diener, Leiter des st\u00e4dtischen Amtes f\u00fcr Hochbau und Liegenschaften. <\/p>\n\n\n\n<p><strong>Kosten und F\u00f6rdermittel<\/strong><br> Nach aktuellen Ausschreibungs- und Planungsergebnissen kosten die Bauarbeiten rund  6,6 Millionen Euro. Gera erh\u00e4lt laut Bescheid des Th\u00fcringer Landesamtes f\u00fcr Bau und Verkehr Mittel aus dem Schulinvestitionsprogramm des Freistaates Th\u00fcringen einen Zuschuss von rund 4,8 Millionen Euro. Den verbleibenden Betrag von 1,8 Millionen Euro finanziert die Stadt Gera \u00fcber Eigenmittel.<\/p>\n\n\n\n<p>QUELLE: STADTVERWALTUNG<\/p>\n","protected":false},"excerpt":{"rendered":"<div class=\"mh-excerpt\"><p>Das Karl-Theodor-Liebe-Gymnasium wird modernisiert und vergr\u00f6\u00dfert. Zum Baubeginn am 22. Juni 2020 sagte Geras Oberb\u00fcrgermeister Julian Vonarb vor Ort: \u201eWir setzen jetzt einen weiteren Beschlusspunkt des Schulnetzplanes der Stadt Gera um. Und auch im Liebe-Gymnasium <a class=\"mh-excerpt-more\" href=\"https:\/\/www.studiogera.de\/001\/2020\/06\/23\/bauarbeiten-am-karl-theodor-liebe-gymnasium\/\" title=\"BAUARBEITEN AM KARL-THEODOR-LIEBE-GYMNASIUM\">[&#8230;]<\/a><\/p>\n<\/div>","protected":false},"author":2,"featured_media":11628,"comment_status":"open","ping_status":"open","sticky":false,"template":"","format":"standard","meta":{"footnotes":""},"categories":[3],"tags":[],"class_list":{"0":"post-11627","1":"post","2":"type-post","3":"status-publish","4":"format-standard","5":"has-post-thumbnail","7":"category-lokal"},"_links":{"self":[{"href":"https:\/\/www.studiogera.de\/001\/wp-json\/wp\/v2\/posts\/11627","targetHints":{"allow":["GET"]}}],"collection":[{"href":"https:\/\/www.studiogera.de\/001\/wp-json\/wp\/v2\/posts"}],"about":[{"href":"https:\/\/www.studiogera.de\/001\/wp-json\/wp\/v2\/types\/post"}],"author":[{"embeddable":true,"href":"https:\/\/www.studiogera.de\/001\/wp-json\/wp\/v2\/users\/2"}],"replies":[{"embeddable":true,"href":"https:\/\/www.studiogera.de\/001\/wp-json\/wp\/v2\/comments?post=11627"}],"version-history":[{"count":1,"href":"https:\/\/www.studiogera.de\/001\/wp-json\/wp\/v2\/posts\/11627\/revisions"}],"predecessor-version":[{"id":11629,"href":"https:\/\/www.studiogera.de\/001\/wp-json\/wp\/v2\/posts\/11627\/revisions\/11629"}],"wp:featuredmedia":[{"embeddable":true,"href":"https:\/\/www.studiogera.de\/001\/wp-json\/wp\/v2\/media\/11628"}],"wp:attachment":[{"href":"https:\/\/www.studiogera.de\/001\/wp-json\/wp\/v2\/media?parent=11627"}],"wp:term":[{"taxonomy":"category","embeddable":true,"href":"https:\/\/www.studiogera.de\/001\/wp-json\/wp\/v2\/categories?post=11627"},{"taxonomy":"post_tag","embeddable":true,"href":"https:\/\/www.studiogera.de\/001\/wp-json\/wp\/v2\/tags?post=11627"}],"curies":[{"name":"wp","href":"https:\/\/api.w.org\/{rel}","templated":true}]}}