{"id":11631,"date":"2020-06-25T00:23:48","date_gmt":"2020-06-24T22:23:48","guid":{"rendered":"http:\/\/www.studiogera.de\/001\/?p=11631"},"modified":"2020-06-25T00:23:50","modified_gmt":"2020-06-24T22:23:50","slug":"den-schuelern-aengste-nehmen-und-unterstuetzung-anbieten","status":"publish","type":"post","link":"https:\/\/www.studiogera.de\/001\/2020\/06\/25\/den-schuelern-aengste-nehmen-und-unterstuetzung-anbieten\/","title":{"rendered":"DEN SCH\u00dcLERN \u00c4NGSTE NEHMEN UND UNTERST\u00dcTZUNG ANBIETEN"},"content":{"rendered":"\n<p>Der Schulunterricht war und ist in der gegenw\u00e4rtigen Zeit f\u00fcr viele Kinder, Jugendliche und Familien eine mit gro\u00dfen Herausforderungen verbundene Abfolge von Pr\u00e4senz- und Distanzunterricht. Durch die vorgeschriebenen Kontaktbeschr\u00e4nkungen in der Pandemiephase konnten alterstypische und n\u00f6tige soziale Kontakte kaum gepflegt werden. Schulpsychologen berichten zudem, dass sich viele Kinder und Jugendliche sorgen, den Schulstoff nicht mehr zu schaffen. Der Wiedereinstieg in den Unterricht kann nach dieser langen Zeit ohne regul\u00e4ren Unterricht schwerfallen.<\/p>\n\n\n\n<p>Um dazu mit den Kindern und Jugendlichen spielerisch ins Gespr\u00e4ch zu kommen, \u00c4ngste zu nehmen und Unterst\u00fctzung anzubieten, haben die Schulpsychologinnen des Schulamtes Ostth\u00fcringen, Mandy Schimmel, Manuela Pracht, Heike Koberstein und Silke Stanzel sogenannte School-Cards entwickelt. Das sind Postkarten mit Spr\u00fcchen aber auch Hilfestellungen, Tipps und Ratschl\u00e4gen. In gemeinsamer Umsetzung mit dem Amt f\u00fcr Gesundheit und Versorgung der Stadt Gera kann das entwickelte p\u00e4dagogische Arbeitsmaterial gedruckt und Geraer Schulen zur Verf\u00fcgung gestellt werden. Die Umsetzung dieses Projektes soll der Auftakt f\u00fcr einen gemeinsamen Weg und der Besch\u00e4ftigung mit dem Thema psychische Gesundheit an Geraer Schulen sein. <\/p>\n\n\n\n<p>Die Grundlagen des Projektes bilden die Kooperationsvereinbarung \u201eGesundheitspartnerschaft\u201c zwischen der Stadt Gera und der AOK plus zur F\u00f6rderung der Gesundheit von Jugendlichen in der Lebenswelt Schule sowie die Kooperation zwischen dem Amt f\u00fcr Gesundheit und Versorgung und dem Schulpsychologischen Dienst des Staatlichen Schulamts Ostth\u00fcringen. Mit der eingegangen Kooperation bekr\u00e4ftigten Amtsleiterin Monika Jorzik und der Amtsleiter des Schulamtes Ostth\u00fcringen, Berthold Rader, dass Gesundheitsf\u00f6rderung in der Schule beachtet und gef\u00f6rdert werden muss. Anja Pilz, Fachberaterin im Bereich Gesundheitsf\u00f6rderung der AOK betont ebenfalls die Wichtigkeit des Themas. \u201eGerade in der momentan schwierigen Zeit, steht die psychische Gesundheit von Kindern und Jugendlichen noch st\u00e4rker im Fokus der AOK. Nur mit Aufkl\u00e4rung und Beteiligung aller Akteure, welche mit dem entwickelten Kartensatz der Schulpsychologen super gelungen ist, kann man diese au\u00dfergew\u00f6hnliche Belastung gemeinsam verarbeiten und bew\u00e4ltigen.\u201c<\/p>\n\n\n\n<p>QUELLE: STADTVERWALTUNG<\/p>\n","protected":false},"excerpt":{"rendered":"<div class=\"mh-excerpt\"><p>Der Schulunterricht war und ist in der gegenw\u00e4rtigen Zeit f\u00fcr viele Kinder, Jugendliche und Familien eine mit gro\u00dfen Herausforderungen verbundene Abfolge von Pr\u00e4senz- und Distanzunterricht. Durch die vorgeschriebenen Kontaktbeschr\u00e4nkungen in der Pandemiephase konnten alterstypische und <a class=\"mh-excerpt-more\" href=\"https:\/\/www.studiogera.de\/001\/2020\/06\/25\/den-schuelern-aengste-nehmen-und-unterstuetzung-anbieten\/\" title=\"DEN SCH\u00dcLERN \u00c4NGSTE NEHMEN UND UNTERST\u00dcTZUNG ANBIETEN\">[&#8230;]<\/a><\/p>\n<\/div>","protected":false},"author":2,"featured_media":11632,"comment_status":"open","ping_status":"open","sticky":false,"template":"","format":"standard","meta":{"footnotes":""},"categories":[16],"tags":[],"class_list":{"0":"post-11631","1":"post","2":"type-post","3":"status-publish","4":"format-standard","5":"has-post-thumbnail","7":"category-kurzmitteilungen"},"_links":{"self":[{"href":"https:\/\/www.studiogera.de\/001\/wp-json\/wp\/v2\/posts\/11631","targetHints":{"allow":["GET"]}}],"collection":[{"href":"https:\/\/www.studiogera.de\/001\/wp-json\/wp\/v2\/posts"}],"about":[{"href":"https:\/\/www.studiogera.de\/001\/wp-json\/wp\/v2\/types\/post"}],"author":[{"embeddable":true,"href":"https:\/\/www.studiogera.de\/001\/wp-json\/wp\/v2\/users\/2"}],"replies":[{"embeddable":true,"href":"https:\/\/www.studiogera.de\/001\/wp-json\/wp\/v2\/comments?post=11631"}],"version-history":[{"count":1,"href":"https:\/\/www.studiogera.de\/001\/wp-json\/wp\/v2\/posts\/11631\/revisions"}],"predecessor-version":[{"id":11633,"href":"https:\/\/www.studiogera.de\/001\/wp-json\/wp\/v2\/posts\/11631\/revisions\/11633"}],"wp:featuredmedia":[{"embeddable":true,"href":"https:\/\/www.studiogera.de\/001\/wp-json\/wp\/v2\/media\/11632"}],"wp:attachment":[{"href":"https:\/\/www.studiogera.de\/001\/wp-json\/wp\/v2\/media?parent=11631"}],"wp:term":[{"taxonomy":"category","embeddable":true,"href":"https:\/\/www.studiogera.de\/001\/wp-json\/wp\/v2\/categories?post=11631"},{"taxonomy":"post_tag","embeddable":true,"href":"https:\/\/www.studiogera.de\/001\/wp-json\/wp\/v2\/tags?post=11631"}],"curies":[{"name":"wp","href":"https:\/\/api.w.org\/{rel}","templated":true}]}}