{"id":12134,"date":"2020-08-11T00:35:32","date_gmt":"2020-08-10T22:35:32","guid":{"rendered":"http:\/\/www.studiogera.de\/001\/?p=12134"},"modified":"2020-08-11T00:35:33","modified_gmt":"2020-08-10T22:35:33","slug":"con-emozione-konzert-zum-beethovenjahr-2020-2","status":"publish","type":"post","link":"https:\/\/www.studiogera.de\/001\/2020\/08\/11\/con-emozione-konzert-zum-beethovenjahr-2020-2\/","title":{"rendered":"CON EMOZIONE \u2014 KONZERT ZUM BEETHOVENJAHR 2020"},"content":{"rendered":"\n<p>Lieder, Intermezzi und Anekdoten von und \u00fcber Ludwig van Beethoven und seine(n) Zeitgenossen werden am 23. August 2020 in der Eisenberger Schlosskirche zu h\u00f6ren sein. \u201eFreudvoll und Leidvoll\u201d \u2014 die Auff\u00fchrung von \u201econ emozione\u201d enth\u00e4lt auch einige von Norbert Fietzke bearbeitete Kompositionen von van Beethoven, die Sie nur mit diesem Duo erleben k\u00f6nnen. Als Zeitgenossen werden Haydn, Schubert, Mozart, Mendelssohn-Bartholdy, von Dalberg mit im Programm zu finden sein, aber auch Seume, Rellstab, Goethe, Schiller, Kotzebue, Duncker und andere werden zu Wort kommen.<\/p>\n\n\n\n<p>Liane Fietzke hatte die gro\u00dfe Freude daran, im Rahmen des \u201eEuropa-Konzert \u2014 PAN-Europai-Picknick\u201d, welches nur alle zehn Jahre stattfindet, im Finalsatz von Beethovens IX. Sinfonie als Solistin im Sopran mitwirken zu k\u00f6nnen.<\/p>\n\n\n\n<p>Urspr\u00fcnglich sollte das Konzert im Juni stattfinden, doch wegen der Corona-Situation musste es verschoben werden, sodass es nun am 23. August ab 16 Uhr in der Eisenberger Schlosskirche aufgef\u00fchrt werden kann.<\/p>\n\n\n\n<p>Liane Fietzke \u00fcbernimmt den Part Sopran, Moderation, Lesung, und Norbert Fietzke wird am Piano zu h\u00f6ren sein.<\/p>\n\n\n\n<p>Das Duo \u201econ emozione\u201d, Liane Fietzke (geb. in Lutherstadt Wittenberg) und Norbert Fietzke (geb. in D\u00f6bern), arbeitet seit vielen Jahren professionell musikalisch zusammen. Sie erhielten beide ihre Ausbildung an der Musikhochschule \u201eFelix Mendelssohn Bartholdy\u201d in Leipzig. Weitere Studien folgten nach K\u00f6ln und Weimar.<br>Mit ihrer glockenhellen, reinen Gesangsstimme begeisterte Liane Fietzke gemeinsam mit ihrem Mann Norbert Fietzke, der perfekte Liedbegleiter, am Klavier bereits sehr viele Konzertbesucher mit ihren unterschiedlichen Programmen. Es sind die gro\u00dfen Gef\u00fchle, welche die Melodien des Konzertes durchziehen. Das Duo \u201econ emozione\u201d lebt und arbeitet im Havelland und feierte in 2019 sein 25-j\u00e4hriges Bestehen.<\/p>\n\n\n\n<p>Eintrittskarten erhalten Sie bei der Eisenberg-Information, Markt 26, in 07607 Eisenberg (zzgl. VVG), sowie in der Gera-Information, Markt 1A, in 07545 Gera (zzgl. VVG). Der Kartenvorverkauf ist ebenso \u00fcber Eventim m\u00f6glich (zzgl. VVG). Der Einlass ist ab 15 Uhr; Restkarten sind an der Tageskasse erh\u00e4ltlich. Unter https:\/\/www.con-emozione.de sind weitere Informationen abrufbar.<\/p>\n\n\n\n<p>QUELLE: CON EMOZIONE<\/p>\n","protected":false},"excerpt":{"rendered":"<div class=\"mh-excerpt\"><p>Lieder, Intermezzi und Anekdoten von und \u00fcber Ludwig van Beethoven und seine(n) Zeitgenossen werden am 23. August 2020 in der Eisenberger Schlosskirche zu h\u00f6ren sein. \u201eFreudvoll und Leidvoll\u201d \u2014 die Auff\u00fchrung von \u201econ emozione\u201d enth\u00e4lt <a class=\"mh-excerpt-more\" href=\"https:\/\/www.studiogera.de\/001\/2020\/08\/11\/con-emozione-konzert-zum-beethovenjahr-2020-2\/\" title=\"CON EMOZIONE \u2014 KONZERT ZUM BEETHOVENJAHR 2020\">[&#8230;]<\/a><\/p>\n<\/div>","protected":false},"author":2,"featured_media":11786,"comment_status":"open","ping_status":"open","sticky":false,"template":"","format":"standard","meta":{"footnotes":""},"categories":[8],"tags":[],"class_list":{"0":"post-12134","1":"post","2":"type-post","3":"status-publish","4":"format-standard","5":"has-post-thumbnail","7":"category-kultur"},"_links":{"self":[{"href":"https:\/\/www.studiogera.de\/001\/wp-json\/wp\/v2\/posts\/12134","targetHints":{"allow":["GET"]}}],"collection":[{"href":"https:\/\/www.studiogera.de\/001\/wp-json\/wp\/v2\/posts"}],"about":[{"href":"https:\/\/www.studiogera.de\/001\/wp-json\/wp\/v2\/types\/post"}],"author":[{"embeddable":true,"href":"https:\/\/www.studiogera.de\/001\/wp-json\/wp\/v2\/users\/2"}],"replies":[{"embeddable":true,"href":"https:\/\/www.studiogera.de\/001\/wp-json\/wp\/v2\/comments?post=12134"}],"version-history":[{"count":1,"href":"https:\/\/www.studiogera.de\/001\/wp-json\/wp\/v2\/posts\/12134\/revisions"}],"predecessor-version":[{"id":12135,"href":"https:\/\/www.studiogera.de\/001\/wp-json\/wp\/v2\/posts\/12134\/revisions\/12135"}],"wp:featuredmedia":[{"embeddable":true,"href":"https:\/\/www.studiogera.de\/001\/wp-json\/wp\/v2\/media\/11786"}],"wp:attachment":[{"href":"https:\/\/www.studiogera.de\/001\/wp-json\/wp\/v2\/media?parent=12134"}],"wp:term":[{"taxonomy":"category","embeddable":true,"href":"https:\/\/www.studiogera.de\/001\/wp-json\/wp\/v2\/categories?post=12134"},{"taxonomy":"post_tag","embeddable":true,"href":"https:\/\/www.studiogera.de\/001\/wp-json\/wp\/v2\/tags?post=12134"}],"curies":[{"name":"wp","href":"https:\/\/api.w.org\/{rel}","templated":true}]}}