{"id":12136,"date":"2020-08-11T00:51:32","date_gmt":"2020-08-10T22:51:32","guid":{"rendered":"http:\/\/www.studiogera.de\/001\/?p=12136"},"modified":"2020-08-11T00:51:33","modified_gmt":"2020-08-10T22:51:33","slug":"das-musikprogramm-am-zweiten-bauhaustag","status":"publish","type":"post","link":"https:\/\/www.studiogera.de\/001\/2020\/08\/11\/das-musikprogramm-am-zweiten-bauhaustag\/","title":{"rendered":"DAS MUSIKPROGRAMM AM ZWEITEN BAUHAUSTAG"},"content":{"rendered":"\n<p>Der zweite Geraer Bauhaustag beginnt mit einem besonderen H\u00f6hepunkt: Die beliebte Musikgruppe \u201eNotendealer\u201c wird den Tag auf dem Marktplatz er\u00f6ffnen. Die sympathischen jungen Leute bieten eine Mischung aus Pop, Jazz, Klassik. Sie sind musikalisch gro\u00dfartig und singen ihre \u00fcberaus witzigen und dazu noch klugen\u00a0 Texte mit rasantem Entertainment. Doch beim \u201eBauhaustag mit Musik\u201c wird nat\u00fcrlich noch viel mehr geboten.<\/p>\n\n\n\n<p>Schon ab 9 Uhr l\u00e4sst Udo Pein vom Rathausturm das Carillon ert\u00f6nen.\u00a0 Die \u201eNotendealer\u201c er\u00f6ffnen den Bauhaustag musikalisch ab zehn Uhr. Dann holen die \u201eBig Chaps\u201c der Musikschule Fr\u00f6hlich ihre Harmonikas heraus. Und ab dem Mittag erwartet die Besucher auf dem Markt ein bekannter Geraer Musiker: Andreas Geffarth mit zeitlos sch\u00f6nen Songs.<\/p>\n\n\n\n<p>Nur ein kleines St\u00fcck weiter, in der Schlo\u00dfstra\u00dfe, werden die G\u00e4ste vom Cello Duo der Musikschule &#8222;Heinrich Sch\u00fctz&#8220; begr\u00fc\u00dft. Dort werden am Mittag dann die\u00a0 &#8222;Notendealer&#8220; ihren Premierenauftritt vor dem 1929 erbauten Handelshof haben; heute der Sitz der Sparkasse Gera-Greiz. Diese hat auch den Auftritt der jungen Band erm\u00f6glicht.&#8220; Die &#8218;Notendealer&#8216; sind bekannt vom Semper Opernball in Dresden und begeisterten auch schon bei Veranstaltungen in Gera. \u00a0Leider sind in diesem Jahr aufgrund der Corona-Pandemie viele Veranstaltungen ausgefallen. Umso sch\u00f6ner ist es, dass wir die &#8218;Notendealer&#8216; jetzt zum Bauhaustag nach Gera holen k\u00f6nnen&#8220;, freut sich S\u00f6ren Albert, Vorstandsmitglied der Sparkasse Gera-Greiz. Und damit nicht genug: Auch der Posaunenchor Gera, dessen Bauhausfanfare zum 90-j\u00e4hrigen Jubil\u00e4um des Handelshofes ihre Premiere erlebte, spielt am Nachmittag f\u00fcr die Besucher.<\/p>\n\n\n\n<p>Musik zum Mitsingen, Mitwippen und auch Tanzen, das sind die Geraer von Jens \u201eM\u00f6lli\u201c gewohnt. Er spielt f\u00fcr die Bauhaustag-Besucher den ganzen Tag im\u00a0 sonst verschlossenen Industriebau Getzner in Zw\u00f6tzen.<\/p>\n\n\n\n<p>Einen Hauch Fernweh hingegen l\u00e4sst Cat Henschelmann mit seiner Geige und irischen Weisen durch Haus Schulenburg in der Stra\u00dfe des Friedens ziehen.<\/p>\n\n\n\n<p>Die interessante Akustik des Golde-Baus in der Wiesestra\u00dfe nutzen die Lanzleut mit ihren kr\u00e4ftigen Stimmen, die Violinengruppe der Musikschule Gera und auch nochmal die Harmonikaspieler \u201eBig Chaps\u201c.<\/p>\n\n\n\n<p>Im Stadtzentrum \u201ebefl\u00fcgelt\u201c ein Extrempianist mit verr\u00fcckten Aktionen in der Schaefer Klinik und in der Villa Meyer \u2013 vielen noch von der Bauhaustag-Er\u00f6ffnung im vorigen Jahr in guter Erinnerung.\u00a0 Und auch hier erleben die G\u00e4ste gro\u00dfartige Talente der Geraer Musikschule. Ebenso wie im Hof des Museums f\u00fcr Angewandte Kunst in der Greizer Stra\u00dfe. Hier gibt es mit \u201eSplendid Sax\u201c,\u00a0 den Nachfolgern der legend\u00e4ren \u201eSatelliten\u201c eine kleine Zeitreise, in die auch S\u00e4nger Lutz Eisenschmidt einstimmt.<\/p>\n\n\n\n<p>F\u00fcr jeden Musikgeschmack wird also beim zweiten Bauhaustag am 6. September 2020 etwas geboten. In jedem der H\u00e4user sind auch wieder die Geraer G\u00e4stef\u00fchrer\u00a0 mit spannenden Geschichten vor Ort.<\/p>\n\n\n\n<p>Die Eintrittsb\u00e4ndchen zum Preis von drei Euro, inclusive Pendelbusbus, sind im Vorverkauf in der Gera-Information und in den Gera-Arcaden erh\u00e4ltlich. Dort liegen auch Faltbl\u00e4tter mit dem genauen Veranstaltungsprogramm aus.\u00a0Die Veranstaltung unterst\u00fctzen die Stadtverwaltung sowie \u00fcber 20 Sponsoren und F\u00f6rderer.<\/p>\n\n\n\n<p>QUELLE: STADTVERWALTUNG<\/p>\n","protected":false},"excerpt":{"rendered":"<div class=\"mh-excerpt\"><p>Der zweite Geraer Bauhaustag beginnt mit einem besonderen H\u00f6hepunkt: Die beliebte Musikgruppe \u201eNotendealer\u201c wird den Tag auf dem Marktplatz er\u00f6ffnen. Die sympathischen jungen Leute bieten eine Mischung aus Pop, Jazz, Klassik. Sie sind musikalisch gro\u00dfartig <a class=\"mh-excerpt-more\" href=\"https:\/\/www.studiogera.de\/001\/2020\/08\/11\/das-musikprogramm-am-zweiten-bauhaustag\/\" title=\"DAS MUSIKPROGRAMM AM ZWEITEN BAUHAUSTAG\">[&#8230;]<\/a><\/p>\n<\/div>","protected":false},"author":2,"featured_media":12138,"comment_status":"open","ping_status":"open","sticky":false,"template":"","format":"standard","meta":{"footnotes":""},"categories":[8],"tags":[],"class_list":{"0":"post-12136","1":"post","2":"type-post","3":"status-publish","4":"format-standard","5":"has-post-thumbnail","7":"category-kultur"},"_links":{"self":[{"href":"https:\/\/www.studiogera.de\/001\/wp-json\/wp\/v2\/posts\/12136","targetHints":{"allow":["GET"]}}],"collection":[{"href":"https:\/\/www.studiogera.de\/001\/wp-json\/wp\/v2\/posts"}],"about":[{"href":"https:\/\/www.studiogera.de\/001\/wp-json\/wp\/v2\/types\/post"}],"author":[{"embeddable":true,"href":"https:\/\/www.studiogera.de\/001\/wp-json\/wp\/v2\/users\/2"}],"replies":[{"embeddable":true,"href":"https:\/\/www.studiogera.de\/001\/wp-json\/wp\/v2\/comments?post=12136"}],"version-history":[{"count":2,"href":"https:\/\/www.studiogera.de\/001\/wp-json\/wp\/v2\/posts\/12136\/revisions"}],"predecessor-version":[{"id":12139,"href":"https:\/\/www.studiogera.de\/001\/wp-json\/wp\/v2\/posts\/12136\/revisions\/12139"}],"wp:featuredmedia":[{"embeddable":true,"href":"https:\/\/www.studiogera.de\/001\/wp-json\/wp\/v2\/media\/12138"}],"wp:attachment":[{"href":"https:\/\/www.studiogera.de\/001\/wp-json\/wp\/v2\/media?parent=12136"}],"wp:term":[{"taxonomy":"category","embeddable":true,"href":"https:\/\/www.studiogera.de\/001\/wp-json\/wp\/v2\/categories?post=12136"},{"taxonomy":"post_tag","embeddable":true,"href":"https:\/\/www.studiogera.de\/001\/wp-json\/wp\/v2\/tags?post=12136"}],"curies":[{"name":"wp","href":"https:\/\/api.w.org\/{rel}","templated":true}]}}