{"id":12140,"date":"2020-08-11T01:06:54","date_gmt":"2020-08-10T23:06:54","guid":{"rendered":"http:\/\/www.studiogera.de\/001\/?p=12140"},"modified":"2020-08-11T01:06:55","modified_gmt":"2020-08-10T23:06:55","slug":"von-wiese-stiftung-ehrt-beste-geraer-absolventen","status":"publish","type":"post","link":"https:\/\/www.studiogera.de\/001\/2020\/08\/11\/von-wiese-stiftung-ehrt-beste-geraer-absolventen\/","title":{"rendered":"VON-WIESE-STIFTUNG EHRT BESTE GERAER ABSOLVENTEN"},"content":{"rendered":"\n<p>Die besten Geraer Absolventen im Abschlussjahrgang 2019\/2020 wurden im Friederici-Saal der Musikschule Heinrich Sch\u00fctz mit dem \u201eVon-Wiese-Preis\u201c geehrt. Mit einem Notendurchschnitt von 1,0 und 878 von 900 m\u00f6glichen Notenpunkten legte Aurora Passoth vom Karl-Theodor-Liebe-Gymnasium das beste Abitur aller Geraer ab. Elias Arlt von der Regelschule Otto Dix erreichte mit einem Durchschnitt von 1,12 den besten Realschulabschluss. Als Anerkennung und W\u00fcrdigung dieser herausragenden Leistungen \u00fcberreichten der Vorstandsvorsitzende der Von-Wiese-Stiftung Kurt Dannenberg und Vorstandsmitglied Berthold Rader neben den Urkunden und Blumen ein Preisgeld in H\u00f6he von je 100 Euro an die Absolventen. \u201eDie Ergebnisse sind vorbildlich und Beleg f\u00fcr die hohe Qualit\u00e4t des Unterrichts an unseren Schulen\u201c, sagte Kurt Dannenberg. Mit ihrer Ehrung wolle die Von-Wiese-Stiftung dazu beitragen, auch andere Sch\u00fclerinnen und Sch\u00fcler zu H\u00f6chstleistungen zu motivieren. Die hervorragenden Schulabschl\u00fcsse seien umso anerkennenswerter, als dass das letzte Schulhalbjahr durch die Corona-Pandemie belastet wurde, erkl\u00e4rte Berthold Rader. Neben der j\u00e4hrlichen Ehrung der besten Geraer Absolventen und der Unterst\u00fctzung der Sch\u00fclerehrung der Stadt Gera engagiert sich die Von-Wiese-Stiftung auch in weiteren Projekten des Bildungs- und Sozialbereiches. Daf\u00fcr werden in diesem Jahr mehr als 22&#8217;000 Euro eingesetzt.<\/p>\n\n\n\n<p>Das Engagement der Von-Wiese-Stiftung geht auf den Stifter, Kanzler Dr. Georg Walter Vincent von Wiese, zur\u00fcck. Das Verm\u00f6gen der Stiftung umfasst verschiedene bebaute und unbebaute Grundst\u00fccke vor allem in Debschwitz, deren Ertr\u00e4gnisse insbesondere zur Erf\u00fcllung des Stiftungszweckes verwendet werden. W\u00e4hrend der DDR-Zeit oblag die Stiftungsaufsicht dem Rat des Kreises Gera, sp\u00e4ter dem Landkreis Gera und danach dem Landkreis Greiz. Seit 1995 wird die Stiftung von der Stadt Gera verwaltet. Neben B\u00fcrgermeister Kurt Dannenberg als Vorsitzenden bilden der Leiter des Staatlichen Schulamtes Ostth\u00fcringen Berthold Rader sowie die Amtsleiter Jacqueline Engelhardt, Birgit Klemm und Sven-Gunnar Diener von der Geraer Stadtverwaltung den Vorstand der Stiftung.<\/p>\n\n\n\n<p>QUELLE: STADTVERWALTUNG<\/p>\n","protected":false},"excerpt":{"rendered":"<div class=\"mh-excerpt\"><p>Die besten Geraer Absolventen im Abschlussjahrgang 2019\/2020 wurden im Friederici-Saal der Musikschule Heinrich Sch\u00fctz mit dem \u201eVon-Wiese-Preis\u201c geehrt. Mit einem Notendurchschnitt von 1,0 und 878 von 900 m\u00f6glichen Notenpunkten legte Aurora Passoth vom Karl-Theodor-Liebe-Gymnasium das <a class=\"mh-excerpt-more\" href=\"https:\/\/www.studiogera.de\/001\/2020\/08\/11\/von-wiese-stiftung-ehrt-beste-geraer-absolventen\/\" title=\"VON-WIESE-STIFTUNG EHRT BESTE GERAER ABSOLVENTEN\">[&#8230;]<\/a><\/p>\n<\/div>","protected":false},"author":2,"featured_media":12141,"comment_status":"open","ping_status":"open","sticky":false,"template":"","format":"standard","meta":{"footnotes":""},"categories":[6],"tags":[],"class_list":{"0":"post-12140","1":"post","2":"type-post","3":"status-publish","4":"format-standard","5":"has-post-thumbnail","7":"category-gesellschaft"},"_links":{"self":[{"href":"https:\/\/www.studiogera.de\/001\/wp-json\/wp\/v2\/posts\/12140","targetHints":{"allow":["GET"]}}],"collection":[{"href":"https:\/\/www.studiogera.de\/001\/wp-json\/wp\/v2\/posts"}],"about":[{"href":"https:\/\/www.studiogera.de\/001\/wp-json\/wp\/v2\/types\/post"}],"author":[{"embeddable":true,"href":"https:\/\/www.studiogera.de\/001\/wp-json\/wp\/v2\/users\/2"}],"replies":[{"embeddable":true,"href":"https:\/\/www.studiogera.de\/001\/wp-json\/wp\/v2\/comments?post=12140"}],"version-history":[{"count":1,"href":"https:\/\/www.studiogera.de\/001\/wp-json\/wp\/v2\/posts\/12140\/revisions"}],"predecessor-version":[{"id":12142,"href":"https:\/\/www.studiogera.de\/001\/wp-json\/wp\/v2\/posts\/12140\/revisions\/12142"}],"wp:featuredmedia":[{"embeddable":true,"href":"https:\/\/www.studiogera.de\/001\/wp-json\/wp\/v2\/media\/12141"}],"wp:attachment":[{"href":"https:\/\/www.studiogera.de\/001\/wp-json\/wp\/v2\/media?parent=12140"}],"wp:term":[{"taxonomy":"category","embeddable":true,"href":"https:\/\/www.studiogera.de\/001\/wp-json\/wp\/v2\/categories?post=12140"},{"taxonomy":"post_tag","embeddable":true,"href":"https:\/\/www.studiogera.de\/001\/wp-json\/wp\/v2\/tags?post=12140"}],"curies":[{"name":"wp","href":"https:\/\/api.w.org\/{rel}","templated":true}]}}