{"id":12213,"date":"2020-08-17T22:16:45","date_gmt":"2020-08-17T20:16:45","guid":{"rendered":"http:\/\/www.studiogera.de\/001\/?p=12213"},"modified":"2020-08-17T22:16:46","modified_gmt":"2020-08-17T20:16:46","slug":"kreditvergabe-nur-bei-restriktiven-corona-massnahmen","status":"publish","type":"post","link":"https:\/\/www.studiogera.de\/001\/2020\/08\/17\/kreditvergabe-nur-bei-restriktiven-corona-massnahmen\/","title":{"rendered":"KREDITVERGABE NUR BEI RESTRIKTIVEN CORONA-MASSNAHMEN"},"content":{"rendered":"\n<p>Wei\u00dfrussland ist eines der wenigen europ\u00e4ischen L\u00e4nder, die keine strengen Corona-Verordnungen erlassen haben. Weltbank und IWF boten dem teilweise sanktionierten Staat Kredite an, doch als Bedingung wurden Restriktionen nach italienischem Vorbild genannt. Zun\u00e4chst h\u00e4tte Wei\u00dfrussland 92 Millionen US-Dollar erhalten k\u00f6nnen, doch Pr\u00e4sident Lukaschenko lehnte ab. Einige Wochen sp\u00e4ter seien 940 Millionen US-Dollar angeboten worden \u2014 unter der Bedingung, dass Wei\u00dfrussland Quarant\u00e4ne- und Isolationsma\u00dfnahmen sowie Ausgangssperren durchsetzt.<\/p>\n\n\n\n<p>Bereits am 19. Juni 2020 hatte die wei\u00dfrussische Nachrichtenagentur folgende Meldung ver\u00f6ffentlicht (siehe: \u201e<a href=\"https:\/\/eng.belta.by\/president\/view\/belarus-president-unwilling-to-accept-additional-terms-to-get-foreign-loans-131164-2020\/\">https:\/\/eng.belta.by\/president\/view\/belarus-president-unwilling-to-accept-additional-terms-to-get-foreign-loans-131164-2020\/<\/a>\u201d):<\/p>\n\n\n\n<blockquote class=\"wp-block-quote is-layout-flow wp-block-quote-is-layout-flow\"><p>Zus\u00e4tzliche Bedingungen, die nicht f\u00fcr den finanziellen Teil gelten, sind f\u00fcr Belarus inakzeptabel, sagte Pr\u00e4sident Lukaschenko, als er w\u00e4hrend eines Treffens \u00fcber externe Kredite sprach, um Unterst\u00fctzungsma\u00dfnahmen f\u00fcr den realen Wirtschaftssektor seitens des Bankensystems zu er\u00f6rtern, erfuhr Belta.<br>Alexander Lukaschenko fragte die Teilnehmer des Treffens, wie die Bereitstellung ausl\u00e4ndischer Kredithilfen f\u00fcr Belarus ablaufen soll. \u201eWas sind die Anforderungen unserer Partner? Es wurde angek\u00fcndigt, dass sie Belarus 940 Millionen Dollar an sogenannter Schnellfinanzierung zur Verf\u00fcgung stellen k\u00f6nnen. Wie geht das vonstatten?\u201d, fragte das Staatsoberhaupt.<br>Gleichzeitig betonte er, dass zus\u00e4tzliche Bedingungen, die nicht f\u00fcr den finanziellen Teil gelten, f\u00fcr das Land inakzeptabel seien. \u201eWir h\u00f6ren zum Beispiel die Forderungen, unsere Coronavirus-Reaktion an die von Italien anzugleichen. Ich m\u00f6chte nicht, dass sich die Situation in Italien in Belarus wiederholt. Wir haben unser eigenes Land und unsere eigene Situation\u201d, sagte der Pr\u00e4sident.<br>Nach Angaben des Pr\u00e4sidenten hat die Weltbank Interesse an den Coronavirus-Reaktionspraktiken in Belarus gezeigt. \u201eSie ist bereit, uns zehnmal mehr zu \u00fcberweisen, als sie urspr\u00fcnglich als Zeichen der Anerkennung f\u00fcr unseren effizienten Kampf gegen dieses Virus angeboten hatte. Die Weltbank hat sogar das Gesundheitsministerium gebeten, diese Erfahrungen zu teilen. Unterdessen fordert der IWF von uns weiterhin Quarant\u00e4nema\u00dfnahmen, Isolation und eine Ausgangssperre. Das ist Unsinn. Wir werden nach niemandes Pfeife tanzen\u201d, sagte der Pr\u00e4sident.<\/p><\/blockquote>\n\n\n\n<p>Lukaschenko ist der Meinung, dass eine Stillegung seines Landes nicht erforderlich ist. \u00c4hnlich h\u00e4tten sich auch bekannte Wissenschaftler ge\u00e4u\u00dfert. Seit der Ablehnung werde das Land gezielt destabilisiert. Die EU wirft dem wei\u00dfrussischen Pr\u00e4sidenten und seinen Anh\u00e4ngern vor, die j\u00fcngsten Wahlen zu seinem Gunsten manipuliert zu haben. Nun sollen weitere Sanktionen folgen.<\/p>\n\n\n\n<p>Auch Libyen zieht unbest\u00e4tigten Meldungen zufolge einen zweiw\u00f6chigen &#8222;Shutdown&#8220; in Erw\u00e4gung. Angeblich wurden Gelder mit den gleichen Bedingungen in Aussicht gestellt. Bundesau\u00dfenminister Heiko Ma\u00df war am 17. August 2020 vor Ort und warnte vor einer milit\u00e4rischen Eskalation. Hauptthema war die Verteilung der \u00d6l-Einnahmen.<\/p>\n","protected":false},"excerpt":{"rendered":"<div class=\"mh-excerpt\"><p>Wei\u00dfrussland ist eines der wenigen europ\u00e4ischen L\u00e4nder, die keine strengen Corona-Verordnungen erlassen haben. Weltbank und IWF boten dem teilweise sanktionierten Staat Kredite an, doch als Bedingung wurden Restriktionen nach italienischem Vorbild genannt. Zun\u00e4chst h\u00e4tte Wei\u00dfrussland <a class=\"mh-excerpt-more\" href=\"https:\/\/www.studiogera.de\/001\/2020\/08\/17\/kreditvergabe-nur-bei-restriktiven-corona-massnahmen\/\" title=\"KREDITVERGABE NUR BEI RESTRIKTIVEN CORONA-MASSNAHMEN\">[&#8230;]<\/a><\/p>\n<\/div>","protected":false},"author":2,"featured_media":12216,"comment_status":"open","ping_status":"open","sticky":false,"template":"","format":"standard","meta":{"footnotes":""},"categories":[2],"tags":[],"class_list":{"0":"post-12213","1":"post","2":"type-post","3":"status-publish","4":"format-standard","5":"has-post-thumbnail","7":"category-weltweit"},"_links":{"self":[{"href":"https:\/\/www.studiogera.de\/001\/wp-json\/wp\/v2\/posts\/12213","targetHints":{"allow":["GET"]}}],"collection":[{"href":"https:\/\/www.studiogera.de\/001\/wp-json\/wp\/v2\/posts"}],"about":[{"href":"https:\/\/www.studiogera.de\/001\/wp-json\/wp\/v2\/types\/post"}],"author":[{"embeddable":true,"href":"https:\/\/www.studiogera.de\/001\/wp-json\/wp\/v2\/users\/2"}],"replies":[{"embeddable":true,"href":"https:\/\/www.studiogera.de\/001\/wp-json\/wp\/v2\/comments?post=12213"}],"version-history":[{"count":3,"href":"https:\/\/www.studiogera.de\/001\/wp-json\/wp\/v2\/posts\/12213\/revisions"}],"predecessor-version":[{"id":12217,"href":"https:\/\/www.studiogera.de\/001\/wp-json\/wp\/v2\/posts\/12213\/revisions\/12217"}],"wp:featuredmedia":[{"embeddable":true,"href":"https:\/\/www.studiogera.de\/001\/wp-json\/wp\/v2\/media\/12216"}],"wp:attachment":[{"href":"https:\/\/www.studiogera.de\/001\/wp-json\/wp\/v2\/media?parent=12213"}],"wp:term":[{"taxonomy":"category","embeddable":true,"href":"https:\/\/www.studiogera.de\/001\/wp-json\/wp\/v2\/categories?post=12213"},{"taxonomy":"post_tag","embeddable":true,"href":"https:\/\/www.studiogera.de\/001\/wp-json\/wp\/v2\/tags?post=12213"}],"curies":[{"name":"wp","href":"https:\/\/api.w.org\/{rel}","templated":true}]}}