{"id":1227,"date":"2017-07-01T02:36:27","date_gmt":"2017-07-01T00:36:27","guid":{"rendered":"http:\/\/www.studiogera.de\/001\/?p=1227"},"modified":"2017-07-01T02:36:27","modified_gmt":"2017-07-01T00:36:27","slug":"schliessung-im-elsterforum","status":"publish","type":"post","link":"https:\/\/www.studiogera.de\/001\/2017\/07\/01\/schliessung-im-elsterforum\/","title":{"rendered":"SCHLIESSUNG IM ELSTERFORUM"},"content":{"rendered":"<p>Seit geraumer Zeit stehen im Elsterforum Verkaufsfl\u00e4chen leer. Nun will auch die Galeria Kaufhof GmbH ihre Filiale schlie\u00dfen. Sie ist der gr\u00f6\u00dfte Mieter im Haus und belegt dort 8700 Quatratmeter von insgesamt 14 500 Quatratmetern Mietfl\u00e4che. Dem Vernehmen nach kann die Filiale trotz Einsparungen und Optimierungen am Standort Elsterforum nicht kostendeckend arbeiten. <\/p>\n<p>Am Mittwoch, den 28. Juni 2017, beschloss der Aufsichtsrat der Galeria Kaufhof GmbH in K\u00f6ln, dass der Mietvertrag nicht verl\u00e4ngert wird und damit am 17. September 2018 endet. Vor 15 Jahren war er unterzeichnet worden. Das Gesch\u00e4ft befand sich bis zum Jahre 2003 im Kaufhaus auf der Sorge. In Gera befindet sich th\u00fcringenweit die einzige Filiale des Unternehmens.<\/p>\n<p>Das Elsterforum, errichtet auf auf einer ehemaligen Gr\u00fcnanlage, wurde am 18. September 2003 er\u00f6ffnet. Die Grundsteinlegung war am 24. April 2002. Erste Planungen zur Wiedererrichtung eines Kaufhauses an diesem Standort hatte der M\u00fcnchner Leon Pulwer Mitte der 1990er Jahre unternommen. Er war zu dieser Zeit gesch\u00e4ftsf\u00fchrender Gesellschafter der Biermann Projekt Management GbR und wollte das sogenannte Biermann-Center errichten. Nach einem Investorenwechsel im Jahre 2001 wurde das Projekt unter dem Namen Elsterforum realisiert.<\/p>\n<p>Hauptgr\u00fcnde f\u00fcr die vielerorts zu beobachtenden Schlie\u00dfungen sind die schwindende Kaufkraft und die zunehmenden Bestellungen am Bildschirm. Dadurch haben klassische L\u00e4den immer weniger Kunden und k\u00f6nnen mitunter nicht weiterbetrieben werden. Mittlerweile ziehen sich aus St\u00e4dten mit geringer Zukunftsperspektive f\u00fcr den Handel auch gr\u00f6\u00dfere M\u00e4rkte zur\u00fcck, wobei hier weitere Aspekte eine Rolle spielen. In Gera  k\u00f6nnte diese Entwicklung beschleunigt werden, wenn zunehmend in Jena oder Leipzig eingekauft wird.<\/p>\n","protected":false},"excerpt":{"rendered":"<div class=\"mh-excerpt\"><p>Seit geraumer Zeit stehen im Elsterforum Verkaufsfl\u00e4chen leer. Nun will auch die Galeria Kaufhof GmbH ihre Filiale schlie\u00dfen. Sie ist der gr\u00f6\u00dfte Mieter im Haus und belegt dort 8700 Quatratmeter von insgesamt 14 500 Quatratmetern <a class=\"mh-excerpt-more\" href=\"https:\/\/www.studiogera.de\/001\/2017\/07\/01\/schliessung-im-elsterforum\/\" title=\"SCHLIESSUNG IM ELSTERFORUM\">[&#8230;]<\/a><\/p>\n<\/div>","protected":false},"author":2,"featured_media":1228,"comment_status":"open","ping_status":"open","sticky":false,"template":"","format":"standard","meta":{"footnotes":""},"categories":[3],"tags":[],"class_list":{"0":"post-1227","1":"post","2":"type-post","3":"status-publish","4":"format-standard","5":"has-post-thumbnail","7":"category-lokal"},"_links":{"self":[{"href":"https:\/\/www.studiogera.de\/001\/wp-json\/wp\/v2\/posts\/1227","targetHints":{"allow":["GET"]}}],"collection":[{"href":"https:\/\/www.studiogera.de\/001\/wp-json\/wp\/v2\/posts"}],"about":[{"href":"https:\/\/www.studiogera.de\/001\/wp-json\/wp\/v2\/types\/post"}],"author":[{"embeddable":true,"href":"https:\/\/www.studiogera.de\/001\/wp-json\/wp\/v2\/users\/2"}],"replies":[{"embeddable":true,"href":"https:\/\/www.studiogera.de\/001\/wp-json\/wp\/v2\/comments?post=1227"}],"version-history":[{"count":1,"href":"https:\/\/www.studiogera.de\/001\/wp-json\/wp\/v2\/posts\/1227\/revisions"}],"predecessor-version":[{"id":1229,"href":"https:\/\/www.studiogera.de\/001\/wp-json\/wp\/v2\/posts\/1227\/revisions\/1229"}],"wp:featuredmedia":[{"embeddable":true,"href":"https:\/\/www.studiogera.de\/001\/wp-json\/wp\/v2\/media\/1228"}],"wp:attachment":[{"href":"https:\/\/www.studiogera.de\/001\/wp-json\/wp\/v2\/media?parent=1227"}],"wp:term":[{"taxonomy":"category","embeddable":true,"href":"https:\/\/www.studiogera.de\/001\/wp-json\/wp\/v2\/categories?post=1227"},{"taxonomy":"post_tag","embeddable":true,"href":"https:\/\/www.studiogera.de\/001\/wp-json\/wp\/v2\/tags?post=1227"}],"curies":[{"name":"wp","href":"https:\/\/api.w.org\/{rel}","templated":true}]}}