{"id":1230,"date":"2017-07-02T12:37:10","date_gmt":"2017-07-02T10:37:10","guid":{"rendered":"http:\/\/www.studiogera.de\/001\/?p=1230"},"modified":"2017-07-02T12:41:18","modified_gmt":"2017-07-02T10:41:18","slug":"keine-stoererhaftung-beim-oeffentlichen-w-lan","status":"publish","type":"post","link":"https:\/\/www.studiogera.de\/001\/2017\/07\/02\/keine-stoererhaftung-beim-oeffentlichen-w-lan\/","title":{"rendered":"KEINE ST\u00d6RERHAFTUNG BEIM \u00d6FFENTLICHEN W-LAN"},"content":{"rendered":"<p>Einem Bericht der Zeitung &#8222;Handelsblatt&#8220; zufolge, einigte sich die Koalition aus Union und SPD auf einen Gesetzestext, die sogenannte St\u00f6rerhaftung f\u00fcr \u00f6ffentliche W-LAN-Netze abzuschaffen. Sie stimmte dem Entwurf eines &#8222;Dritten Gesetzes zur \u00c4nderung des Telemediengesetzes&#8220; des Bundeskabinetts zu. Dieses wiederum hatte den Entwurf aus dem Wirtschaftsministerium erhalten, einige \u00c4nderungen eingearbeitet und am 5. April 2017 verabschiedet.<\/p>\n<p>F\u00fcr die besagten Netze und deren Betreiber soll Rechtssicherheit geschaffen werden. Die Betreiber werden k\u00fcnftig nicht mehr f\u00fcr Vergehen der Nutzer haften und Abmahnungen zahlen m\u00fcssen. Hier geht es insbesondere um das Herunterladen illegaler Inhalte und das unerlaubte Verbreiten gesch\u00fctzter Werke. Auch m\u00fcssen Netzbetreiber die Identit\u00e4t ihrer Nutzer nicht \u00fcberpr\u00fcfen. Eigene Sicherheitsma\u00dfnahmen, wie das Vorschalten eines Passwortes bleiben weiterhin erlaubt und sollen nicht zur Pflicht werden.<\/p>\n<p>Die Regierung will erwirken, dass sich \u00f6ffentliche und unverschl\u00fcsselte W-LAN-Netze durch die Abschaffung der St\u00f6rerhaftung schneller verbreiten. Deutschland ist hier im Vergleich zu anderen L\u00e4ndern im R\u00fcckstand. Die F\u00f6rderung freier W-LAN-Netze ist Bestandteil des Koalitionsvertrages.<\/p>\n<p>Lesen Sie hierzu bitte die <a href=\"https:\/\/www.bmwi.de\/Redaktion\/DE\/Pressemitteilungen\/2017\/20170405-zypries-zur-aenderung-beim-wlan-gesetz.html\">Mitteilung des Bundesministeriums f\u00fcr Wirtschaft und Energie<\/a>!<\/p>\n","protected":false},"excerpt":{"rendered":"<div class=\"mh-excerpt\"><p>Einem Bericht der Zeitung &#8222;Handelsblatt&#8220; zufolge, einigte sich die Koalition aus Union und SPD auf einen Gesetzestext, die sogenannte St\u00f6rerhaftung f\u00fcr \u00f6ffentliche W-LAN-Netze abzuschaffen. Sie stimmte dem Entwurf eines &#8222;Dritten Gesetzes zur \u00c4nderung des Telemediengesetzes&#8220; <a class=\"mh-excerpt-more\" href=\"https:\/\/www.studiogera.de\/001\/2017\/07\/02\/keine-stoererhaftung-beim-oeffentlichen-w-lan\/\" title=\"KEINE ST\u00d6RERHAFTUNG BEIM \u00d6FFENTLICHEN W-LAN\">[&#8230;]<\/a><\/p>\n<\/div>","protected":false},"author":2,"featured_media":1233,"comment_status":"open","ping_status":"open","sticky":false,"template":"","format":"standard","meta":{"footnotes":""},"categories":[17],"tags":[],"class_list":{"0":"post-1230","1":"post","2":"type-post","3":"status-publish","4":"format-standard","5":"has-post-thumbnail","7":"category-medien"},"_links":{"self":[{"href":"https:\/\/www.studiogera.de\/001\/wp-json\/wp\/v2\/posts\/1230","targetHints":{"allow":["GET"]}}],"collection":[{"href":"https:\/\/www.studiogera.de\/001\/wp-json\/wp\/v2\/posts"}],"about":[{"href":"https:\/\/www.studiogera.de\/001\/wp-json\/wp\/v2\/types\/post"}],"author":[{"embeddable":true,"href":"https:\/\/www.studiogera.de\/001\/wp-json\/wp\/v2\/users\/2"}],"replies":[{"embeddable":true,"href":"https:\/\/www.studiogera.de\/001\/wp-json\/wp\/v2\/comments?post=1230"}],"version-history":[{"count":3,"href":"https:\/\/www.studiogera.de\/001\/wp-json\/wp\/v2\/posts\/1230\/revisions"}],"predecessor-version":[{"id":1234,"href":"https:\/\/www.studiogera.de\/001\/wp-json\/wp\/v2\/posts\/1230\/revisions\/1234"}],"wp:featuredmedia":[{"embeddable":true,"href":"https:\/\/www.studiogera.de\/001\/wp-json\/wp\/v2\/media\/1233"}],"wp:attachment":[{"href":"https:\/\/www.studiogera.de\/001\/wp-json\/wp\/v2\/media?parent=1230"}],"wp:term":[{"taxonomy":"category","embeddable":true,"href":"https:\/\/www.studiogera.de\/001\/wp-json\/wp\/v2\/categories?post=1230"},{"taxonomy":"post_tag","embeddable":true,"href":"https:\/\/www.studiogera.de\/001\/wp-json\/wp\/v2\/tags?post=1230"}],"curies":[{"name":"wp","href":"https:\/\/api.w.org\/{rel}","templated":true}]}}