{"id":12317,"date":"2020-08-27T21:19:17","date_gmt":"2020-08-27T19:19:17","guid":{"rendered":"http:\/\/www.studiogera.de\/001\/?p=12317"},"modified":"2020-08-27T21:26:47","modified_gmt":"2020-08-27T19:26:47","slug":"bund-und-laender-einigen-sich-auf-neue-corona-regeln","status":"publish","type":"post","link":"https:\/\/www.studiogera.de\/001\/2020\/08\/27\/bund-und-laender-einigen-sich-auf-neue-corona-regeln\/","title":{"rendered":"BUND UND L\u00c4NDER EINIGEN SICH AUF NEUE CORONA-REGELN"},"content":{"rendered":"\n<p>Am Donnerstag, den 27. August 2020, sprachen die Ministerpr\u00e4sidenten der L\u00e4nder und Bundeskanzler Frau Dr. Angela Merkel in einer Videoschaltkonferenz \u00fcber die weitere Gestaltung der Corona-Restriktionen. Die Bundeskanzlerin strebt eine Vereinheitlichung der Regeln an und lehnt Lockerungen ab. Zun\u00e4chst hat der Beschluss den Charakter einer Empfehlung; die Umsetzung obliegt den L\u00e4ndern.<\/p>\n\n\n\n<p>Der Bund-L\u00e4nder-Beschluss sieht folgendes vor:<\/p>\n\n\n\n<ul class=\"wp-block-list\"><li>Verbot von Gro\u00dfveranstaltungen wird bis 31. Dezember 2020 verl\u00e4ngert<\/li><li>Maskenverweigerer m\u00fcssen ein Bu\u00dfgeld in H\u00f6he von mindestens 50 Euro entrichten (au\u00dfer im schulischen Bereich und in Sachsen-Anhalt)<\/li><li>Quarant\u00e4nepflicht und Testpflicht f\u00fcr Reiser\u00fcckkehrer aus Risikogebieten bleiben bestehen<\/li><li>Reiser\u00fcckkehrer aus Risikogebieten k\u00f6nnen Quarant\u00e4ne fr\u00fchestens durch einen Test ab dem f\u00fcnften Tag nach R\u00fcckkehr beenden<\/li><li>Aufforderung an die L\u00e4nder, Quarant\u00e4ne strenger zu kontrollieren und bei Pflichtverst\u00f6\u00dfen Bu\u00dfgelder zu verh\u00e4ngen<\/li><li>unentgeltliche Testung f\u00fcr R\u00fcckkehrer aus Nichtrisikogebieten entf\u00e4llt ab 15. September 2020<\/li><li>kein Lohnersatz bei Quarant\u00e4ne nach Reise in Risikogebiet<\/li><li>Eingrenzung privater Feiern; kritische Abw\u00e4gung jedes einzelnen Falles; Abstand soll eingehalten werden<\/li><li>jedes Land legt Teilnehmerzahl f\u00fcr private Feiern vorerst selbst fest<\/li><li>500 Millionen Euro f\u00fcr Sofortausstattungsprogramm zur F\u00f6rderung der Digitalisierung an Schulen<\/li><\/ul>\n\n\n\n<p>Anlass ist die steigende Zahl positiver Testergebnisse bei Betrachtung der absoluten Zahlen.<\/p>\n\n\n\n<p>KW 31: 578&#8217;099 Tests, davon 0,97 % positiv<br>KW 32: 730&#8217;300 Tests, davon 0,99 % positiv<br>KW 33: 875&#8217;524 Tests, davon 0,96 % positiv<br>KW 34: 947&#8217;423 Tests, davon 0,88 % positiv<\/p>\n","protected":false},"excerpt":{"rendered":"<div class=\"mh-excerpt\"><p>Am Donnerstag, den 27. August 2020, sprachen die Ministerpr\u00e4sidenten der L\u00e4nder und Bundeskanzler Frau Dr. Angela Merkel in einer Videoschaltkonferenz \u00fcber die weitere Gestaltung der Corona-Restriktionen. Die Bundeskanzlerin strebt eine Vereinheitlichung der Regeln an und <a class=\"mh-excerpt-more\" href=\"https:\/\/www.studiogera.de\/001\/2020\/08\/27\/bund-und-laender-einigen-sich-auf-neue-corona-regeln\/\" title=\"BUND UND L\u00c4NDER EINIGEN SICH AUF NEUE CORONA-REGELN\">[&#8230;]<\/a><\/p>\n<\/div>","protected":false},"author":3,"featured_media":9860,"comment_status":"open","ping_status":"open","sticky":false,"template":"","format":"standard","meta":{"footnotes":""},"categories":[2],"tags":[],"class_list":{"0":"post-12317","1":"post","2":"type-post","3":"status-publish","4":"format-standard","5":"has-post-thumbnail","7":"category-weltweit"},"_links":{"self":[{"href":"https:\/\/www.studiogera.de\/001\/wp-json\/wp\/v2\/posts\/12317","targetHints":{"allow":["GET"]}}],"collection":[{"href":"https:\/\/www.studiogera.de\/001\/wp-json\/wp\/v2\/posts"}],"about":[{"href":"https:\/\/www.studiogera.de\/001\/wp-json\/wp\/v2\/types\/post"}],"author":[{"embeddable":true,"href":"https:\/\/www.studiogera.de\/001\/wp-json\/wp\/v2\/users\/3"}],"replies":[{"embeddable":true,"href":"https:\/\/www.studiogera.de\/001\/wp-json\/wp\/v2\/comments?post=12317"}],"version-history":[{"count":2,"href":"https:\/\/www.studiogera.de\/001\/wp-json\/wp\/v2\/posts\/12317\/revisions"}],"predecessor-version":[{"id":12319,"href":"https:\/\/www.studiogera.de\/001\/wp-json\/wp\/v2\/posts\/12317\/revisions\/12319"}],"wp:featuredmedia":[{"embeddable":true,"href":"https:\/\/www.studiogera.de\/001\/wp-json\/wp\/v2\/media\/9860"}],"wp:attachment":[{"href":"https:\/\/www.studiogera.de\/001\/wp-json\/wp\/v2\/media?parent=12317"}],"wp:term":[{"taxonomy":"category","embeddable":true,"href":"https:\/\/www.studiogera.de\/001\/wp-json\/wp\/v2\/categories?post=12317"},{"taxonomy":"post_tag","embeddable":true,"href":"https:\/\/www.studiogera.de\/001\/wp-json\/wp\/v2\/tags?post=12317"}],"curies":[{"name":"wp","href":"https:\/\/api.w.org\/{rel}","templated":true}]}}