{"id":12321,"date":"2020-08-28T16:33:45","date_gmt":"2020-08-28T14:33:45","guid":{"rendered":"http:\/\/www.studiogera.de\/001\/?p=12321"},"modified":"2020-08-28T16:45:45","modified_gmt":"2020-08-28T14:45:45","slug":"die-maske-als-zeichen-des-kritiklosen-gehorsams","status":"publish","type":"post","link":"https:\/\/www.studiogera.de\/001\/2020\/08\/28\/die-maske-als-zeichen-des-kritiklosen-gehorsams\/","title":{"rendered":"DIE MASKE ALS ZEICHEN DES KRITIKLOSEN GEHORSAMS"},"content":{"rendered":"\n<p>\u201eWir m\u00fcssen sogar \u00fcberlegen, ob wir die Maskenpflicht an einigen Stellen jetzt gerade noch einmal in den n\u00e4chsten ein, zwei Monaten vielleicht noch verst\u00e4rken k\u00f6nnen\u201c, sagte unl\u00e4ngst der Bayerische Ministerpr\u00e4sident Markus S\u00f6der im Deutschlandfunk. Als es Anfang M\u00e4rz 2020 hie\u00df, Masken im Alltag seien \u00fcberhaupt nicht notwendig, ahnten schon einige, dass diese Aussage nur der mangelnden Verf\u00fcgbarkeit geschuldet war. Auch mehrere Tage nach Beginn der Beschr\u00e4nkungen, Anfang April 2020, stellte Lothar Wieler, Pr\u00e4sident des Robert-Koch-Instituts, noch einmal klar:<\/p>\n\n\n\n<blockquote class=\"wp-block-quote is-layout-flow wp-block-quote-is-layout-flow\"><p>Wenn Sie drau\u00dfen als Menschen mit einer Maske rumlaufen, suggerieren Sie einen Schutz davor. Aber es gibt keine Evidenz daf\u00fcr, dass dieser Schutz gegeben ist.<\/p><\/blockquote>\n\n\n\n<p>Mittlerweile gibt es in vielen Bereichen eine Maskenpflicht, deren Einhaltung immer strenger kontrolliert wird, und die meisten Menschen begr\u00fc\u00dfen das, laut der offiziellen Umfragen. Am 28. Juli 2020 meinte der RKI-Pr\u00e4sident in einer Pressekonferenz schlie\u00dflich, die Regeln d\u00fcrften nie hinterfragt werden. Das sollten wir einfach so tun, und zwar alle 83 Millionen Bundesb\u00fcrger.<\/p>\n\n\n\n<p>Noch vor einem Jahr h\u00e4tte sich niemand vorstellen k\u00f6nnen, wie weit der kritiklose Gehorsam heute reicht: Das Recht, \u00fcberall in der \u00d6ffentlichkeit frei Atmen zu d\u00fcrfen, kann \u00fcber beliebig viele Folgeverordnung f\u00fcr eine unbestimmte Zeit eingeschr\u00e4nkt werden \u2014 und es gibt immer noch Leute, denen das nicht weit genug geht. Schlie\u00dflich m\u00fcssten ja die immunschwachen Menschen gesch\u00fctzt werden. Zur Begr\u00fcndung gen\u00fcgt ihnen Blick auf die absoluten Zahlen. In welchem Verh\u00e4ltnis sie stehen, ist v\u00f6llig belanglos: Denken Sie an die vielen Toten von Bergamo und folgen Sie den offiziellen Medien, denn wir werden noch lange mit dem Virus leben m\u00fcssen!<\/p>\n\n\n\n<figure class=\"wp-block-image size-large\"><img loading=\"lazy\" decoding=\"async\" width=\"600\" height=\"338\" src=\"http:\/\/www.studiogera.de\/001\/wp-content\/uploads\/2020\/08\/2020_171.jpg\" alt=\"\" class=\"wp-image-12322\" srcset=\"https:\/\/www.studiogera.de\/001\/wp-content\/uploads\/2020\/08\/2020_171.jpg 600w, https:\/\/www.studiogera.de\/001\/wp-content\/uploads\/2020\/08\/2020_171-300x169.jpg 300w\" sizes=\"auto, (max-width: 600px) 100vw, 600px\" \/><figcaption><em>Beispiele aus anderen L\u00e4ndern sind in den sozialen Netzwerken zu finden.<\/em><\/figcaption><\/figure>\n\n\n\n<p>Doch wenn alle Menschen immer gr\u00f6\u00dfere physische Barrieren umeinander errichten, wird die allgemeine Gesundheit nur noch weiter abnehmen: Mit zunehmendem Hygienewahn kann das Immunsystem mangels Kontakt keine Erfahrungen mehr sammeln; es wird schw\u00e4cher, besch\u00e4ftigt sich immer mehr mit anderen Dingen und neigt zu \u00dcberreaktionen. Dann k\u00f6nnte es eines Tages sogar eine Begr\u00fcndung daf\u00fcr geben, das freie Sprechen einzuschr\u00e4nken. Denn schlie\u00dflich k\u00f6nnten ja kleinste Partikel entfleuchen und einen anderen Menschen t\u00f6ten.<\/p>\n\n\n\n<p>Derzeit ist es noch erlaubt, die Masken nach belieben zu verwenden. Viele stecken sie einfach in die Hosen- bzw. Handtasche hinein, holen sie wieder heraus und ziehen sie dann \u00fcber das Gesicht, und zwar ohne zu ber\u00fccksichtigen, welche Seite vorher au\u00dfen oder innen war, und ohne die Masken nach jedem Gebrauch zu waschen. Werden dann im Winter, wenn es \u00fcberall schnupft und trieft, etwa noch strengere Regeln erlassen, um ein fachlich korrektes Anlegen und Abnehmen zu erzwingen? Oder d\u00fcrfen wir uns in einigen Jahren gar nur mit Schutzanz\u00fcgen in der N\u00e4he anderer Menschen aufhalten? Wenn die ersten Prominenten schon heute damit beginnen, k\u00f6nnte das ein Hinweis auf die Welt von morgen sein.<\/p>\n\n\n\n<figure class=\"wp-block-image size-large\"><img loading=\"lazy\" decoding=\"async\" width=\"600\" height=\"338\" src=\"http:\/\/www.studiogera.de\/001\/wp-content\/uploads\/2020\/08\/2020_172.jpg\" alt=\"\" class=\"wp-image-12326\" srcset=\"https:\/\/www.studiogera.de\/001\/wp-content\/uploads\/2020\/08\/2020_172.jpg 600w, https:\/\/www.studiogera.de\/001\/wp-content\/uploads\/2020\/08\/2020_172-300x169.jpg 300w\" sizes=\"auto, (max-width: 600px) 100vw, 600px\" \/><figcaption><em>Erste Hersteller pr\u00e4sentieren bereits Schutzanz\u00fcge f\u00fcr das Leben als &#8222;Homo digitalis&#8220; in der neuen Normalit\u00e4t.<\/em> (Bild: Youtube\/Procuction Club)<\/figcaption><\/figure>\n\n\n\n<p>Mit einer Erweiterung der Vorgaben dahingehend, dass sie kaum mehr praktikabel sind, einen erh\u00f6hten Aufwand mit sich bringen und schlie\u00dflich etliche Unternehmer zur Kapitulation veranlassen, kann man eine Wirtschaft mit Verweis auf steigende Zahlen \u00fcbrigens auch ohne offiziellen Lockdown herunterfahren. Und dann w\u00e4ren die Politiker in den Augen der Mehrheit nat\u00fcrlich nicht Schuld, sondern man w\u00fcrde auf jene zeigen, welche ihre Maske unterhalb der Nase tragen und sie mit Begriffen wie \u201eAerosol-R\u00fcpel\u201c belegen.<\/p>\n\n\n\n<p>Welche Auswirkungen wird das alles auf die Atmosph\u00e4re in der Gesellschaft haben? Wenn insbesondere Kindern beigebracht wird, man solle die Maske tragen, um \u00e4ltere zu sch\u00fctzen, die sonst vielleicht sterben w\u00fcrden, entwickeln sie ein Selbstbild als potentieller Gef\u00e4hrder. Die Mentalit\u00e4t \u00e4ndert sich, und ebenso das Verhalten gegen\u00fcber den Mitmenschen in der physischen Realit\u00e4t. Ihnen wird mit Skepsis und Misstrauen begegnet. Wahrscheinlich entsteht eine v\u00f6llig neue Generation, die auf digitale Kommunikation fokussiert ist, anstatt Nachbarn und Freunde zu treffen, die eher den Podcasts der Regierung folgt, anstatt den eigenen Eltern und Gro\u00dfeltern.<\/p>\n\n\n\n<p>Vor einiger Zeit hatte \u00d6sterreichs Kanzler Sebastian Kurz die Maske als Symbol bezeichnet. Sie erinnere die Menschen daran, dass die Pandemie nicht vor\u00fcber sei. Nun k\u00f6nnte man aber auch behaupten, sie \u00fcbernimmt die Funktion des roten Halstuches aus Zeiten des Kommunismus. Das war schlie\u00dflich auch nur ein St\u00fcck Stoff. In totalit\u00e4ren Phasen sind allgegenw\u00e4rtige Symbole, welche mit nicht zu hinterfragenden Regeln verbunden sind, sehr beliebt. Und die Begleitumst\u00e4nde legen es nahe: Zunehmend wird das Thema Corona wie ein Dogma behandelt. Die Menschen glauben an eine fortdauernde Bedrohung und sondieren einander anhand der Maske, wer vern\u00fcnftig und wer unvern\u00fcnftig ist. Von der Maske als Symbol sprach \u00fcbrigens auch WHO-Chef Tedros und meinte, sie stehe f\u00fcr Solidarit\u00e4t.<\/p>\n\n\n\n<p>So manchem schwant l\u00e4ngst, dass es sich hier um das Vorspiel eines totalit\u00e4ren Hauptaktes handelt, zumal da es nur einen einzigen Weg gibt, den alle beschreiten sollen: Der Weg zum Impfstoff, verbunden mit Kontrolle und Beschr\u00e4nkung auf das Notwendigste. Die Marschrichtung ist auch an den Medien erkennbar: Sie sehen es mehr und mehr als ihre Hauptaufgabe an, die Politik bei ihrer \u00dcberzeugungsarbeit zu unterst\u00fctzen. Und wenn das nicht fruchtet, ist man ganz einfach ein Corona-Leugner, Verschw\u00f6rungstheoretiker oder noch schlimmeres. Im besten Falle aber kann man noch f\u00fcr sogenannte Satire-Sendungen verwertet und deutschlandweit blo\u00dfgestellt werden. Dann ziehen TV und Politik sogar noch einen Nutzen daraus. Der neue Journalist schreibt mit Vorliebe, welche Ansichten im politischen Spektrum als Vern\u00fcnftig zu erachten sind, und wie mit Corona-Leugnern verfahren werden sollte.<\/p>\n\n\n\n<p>Selbstverst\u00e4ndlich sind die Vern\u00fcnftigen in der Mehrzahl, wenn man darunter jene begreift, deren eigene Meinung in nichts anderem besteht, als der bestm\u00f6glichen Wiedergabe offizieller Verlautbarungen. Es sind Leute, die sich von Rang und Namen so sehr beeinducken lassen, dass sie auf einmal Dinge tun, die vorher undenkbar waren, die darin sogar im \u00dcbereifer ergehen, um ihren Vorgesetzten schlie\u00dflich noch besser zu gefallen.<\/p>\n\n\n\n<p>Demzufolge ist die Mehrheit ist ein Ma\u00df daf\u00fcr geworden, was vern\u00fcnftig und unvern\u00fcnftig ist. Wenn es also wieder im Gleichklang hei\u00dft, alle m\u00fcssten Eigenverantwortung zeigen und Menschenleben sch\u00fctzen, bleibt nat\u00fcrlich die Frage offen, warum bei Tabak-, Alkohol- und Drogenkonsum die Eigenverantwortung kaum mehr eine Rolle spielt, obwohl die Todesf\u00e4lle hier weitaus h\u00f6her sind und wesentlich mehr Ressourcen gebunden werden. Wahrscheinlich liegt es daran, dass der neuen Logik zufolge eher jemand als vern\u00fcnftig gilt, der zwar w\u00e4hrend der Zugfahrt seine Maske tr\u00e4gt, aber anschlie\u00dfend am Bahnhof raucht, obwohl er schon vorgezeichnet ist, der sich von Pommes und Bier und Cola ern\u00e4hrt, obwohl das seine Gesundheit weiter schw\u00e4cht, und der daraufhin auch von allen anderen Abstand, Hygiene und Alltagsmasken fordert. Und vern\u00fcnftig sind selbstverst\u00e4ndlich auch alle, die durch diese Lebensweise Geld verdienen k\u00f6nnen. Wer aber keine Symptome zeigt, keine Beschwerden hat und wieder das fr\u00fchere Recht in Anspruch nehmen m\u00f6chte, \u00fcberall frei atmen zu d\u00fcrfen, den wird man bestimmt bald mit einer wandelnden Zeitbombe vergleichen.<\/p>\n","protected":false},"excerpt":{"rendered":"<div class=\"mh-excerpt\"><p>\u201eWir m\u00fcssen sogar \u00fcberlegen, ob wir die Maskenpflicht an einigen Stellen jetzt gerade noch einmal in den n\u00e4chsten ein, zwei Monaten vielleicht noch verst\u00e4rken k\u00f6nnen\u201c, sagte unl\u00e4ngst der Bayerische Ministerpr\u00e4sident Markus S\u00f6der im Deutschlandfunk. Als <a class=\"mh-excerpt-more\" href=\"https:\/\/www.studiogera.de\/001\/2020\/08\/28\/die-maske-als-zeichen-des-kritiklosen-gehorsams\/\" title=\"DIE MASKE ALS ZEICHEN DES KRITIKLOSEN GEHORSAMS\">[&#8230;]<\/a><\/p>\n<\/div>","protected":false},"author":2,"featured_media":12323,"comment_status":"open","ping_status":"open","sticky":false,"template":"","format":"standard","meta":{"footnotes":""},"categories":[6],"tags":[],"class_list":{"0":"post-12321","1":"post","2":"type-post","3":"status-publish","4":"format-standard","5":"has-post-thumbnail","7":"category-gesellschaft"},"_links":{"self":[{"href":"https:\/\/www.studiogera.de\/001\/wp-json\/wp\/v2\/posts\/12321","targetHints":{"allow":["GET"]}}],"collection":[{"href":"https:\/\/www.studiogera.de\/001\/wp-json\/wp\/v2\/posts"}],"about":[{"href":"https:\/\/www.studiogera.de\/001\/wp-json\/wp\/v2\/types\/post"}],"author":[{"embeddable":true,"href":"https:\/\/www.studiogera.de\/001\/wp-json\/wp\/v2\/users\/2"}],"replies":[{"embeddable":true,"href":"https:\/\/www.studiogera.de\/001\/wp-json\/wp\/v2\/comments?post=12321"}],"version-history":[{"count":6,"href":"https:\/\/www.studiogera.de\/001\/wp-json\/wp\/v2\/posts\/12321\/revisions"}],"predecessor-version":[{"id":12330,"href":"https:\/\/www.studiogera.de\/001\/wp-json\/wp\/v2\/posts\/12321\/revisions\/12330"}],"wp:featuredmedia":[{"embeddable":true,"href":"https:\/\/www.studiogera.de\/001\/wp-json\/wp\/v2\/media\/12323"}],"wp:attachment":[{"href":"https:\/\/www.studiogera.de\/001\/wp-json\/wp\/v2\/media?parent=12321"}],"wp:term":[{"taxonomy":"category","embeddable":true,"href":"https:\/\/www.studiogera.de\/001\/wp-json\/wp\/v2\/categories?post=12321"},{"taxonomy":"post_tag","embeddable":true,"href":"https:\/\/www.studiogera.de\/001\/wp-json\/wp\/v2\/tags?post=12321"}],"curies":[{"name":"wp","href":"https:\/\/api.w.org\/{rel}","templated":true}]}}