{"id":12510,"date":"2020-09-14T13:01:00","date_gmt":"2020-09-14T11:01:00","guid":{"rendered":"http:\/\/www.studiogera.de\/001\/?p=12510"},"modified":"2020-09-13T21:15:21","modified_gmt":"2020-09-13T19:15:21","slug":"anlaufstelle-fuer-anliegen-aller-art","status":"publish","type":"post","link":"https:\/\/www.studiogera.de\/001\/2020\/09\/14\/anlaufstelle-fuer-anliegen-aller-art\/","title":{"rendered":"ANLAUFSTELLE F\u00dcR ANLIEGEN ALLER ART"},"content":{"rendered":"\n<p>Am 7. September 2020 er\u00f6ffnete in der Heinrichstra\u00dfe 43 der neue Servicepunkt Generationen. Die Anlaufstelle f\u00fcr Anliegen aller Art ist an drei Tagen in der Woche, montags, dienstags und donnerstags, mit zwei Mitarbeiterinnen besetzt. Diese beraten zu allen Themen, die den B\u00fcrgern Geras auf dem Herzen liegen. Sei es als Orientierungshilfe in der Verwaltung, als Vermittlung zu Fachstellen, Verb\u00e4nden oder Vereinen oder einfach als Ansprechpartner f\u00fcr Ratsuchende. Auch beim Ausf\u00fcllen von Antr\u00e4gen unterst\u00fctzen die Mitarbeiterinnen gern. \u201eWir verstehen uns als offenes Haus, in das jede B\u00fcrgerin und jeder B\u00fcrger der Stadt mit Fragen und Anliegen kommen kann\u201c, betont Sozialdezernentin Sandra Wanzar.<\/p>\n\n\n\n<p>Die neue Anlaufstelle wird gef\u00f6rdert aus dem Landesprogramm Solidarisches Zusammenleben der Generationen. Ziel ist es, dem Bedarf an b\u00fcrgerorientierter Sozialraumarbeit in Geras Innenstadt gerecht zu werden.<\/p>\n","protected":false},"excerpt":{"rendered":"<div class=\"mh-excerpt\"><p>Am 7. September 2020 er\u00f6ffnete in der Heinrichstra\u00dfe 43 der neue Servicepunkt Generationen. Die Anlaufstelle f\u00fcr Anliegen aller Art ist an drei Tagen in der Woche, montags, dienstags und donnerstags, mit zwei Mitarbeiterinnen besetzt. Diese <a class=\"mh-excerpt-more\" href=\"https:\/\/www.studiogera.de\/001\/2020\/09\/14\/anlaufstelle-fuer-anliegen-aller-art\/\" title=\"ANLAUFSTELLE F\u00dcR ANLIEGEN ALLER ART\">[&#8230;]<\/a><\/p>\n<\/div>","protected":false},"author":2,"featured_media":1630,"comment_status":"open","ping_status":"open","sticky":false,"template":"","format":"standard","meta":{"footnotes":""},"categories":[16],"tags":[],"class_list":{"0":"post-12510","1":"post","2":"type-post","3":"status-publish","4":"format-standard","5":"has-post-thumbnail","7":"category-kurzmitteilungen"},"_links":{"self":[{"href":"https:\/\/www.studiogera.de\/001\/wp-json\/wp\/v2\/posts\/12510","targetHints":{"allow":["GET"]}}],"collection":[{"href":"https:\/\/www.studiogera.de\/001\/wp-json\/wp\/v2\/posts"}],"about":[{"href":"https:\/\/www.studiogera.de\/001\/wp-json\/wp\/v2\/types\/post"}],"author":[{"embeddable":true,"href":"https:\/\/www.studiogera.de\/001\/wp-json\/wp\/v2\/users\/2"}],"replies":[{"embeddable":true,"href":"https:\/\/www.studiogera.de\/001\/wp-json\/wp\/v2\/comments?post=12510"}],"version-history":[{"count":1,"href":"https:\/\/www.studiogera.de\/001\/wp-json\/wp\/v2\/posts\/12510\/revisions"}],"predecessor-version":[{"id":12511,"href":"https:\/\/www.studiogera.de\/001\/wp-json\/wp\/v2\/posts\/12510\/revisions\/12511"}],"wp:featuredmedia":[{"embeddable":true,"href":"https:\/\/www.studiogera.de\/001\/wp-json\/wp\/v2\/media\/1630"}],"wp:attachment":[{"href":"https:\/\/www.studiogera.de\/001\/wp-json\/wp\/v2\/media?parent=12510"}],"wp:term":[{"taxonomy":"category","embeddable":true,"href":"https:\/\/www.studiogera.de\/001\/wp-json\/wp\/v2\/categories?post=12510"},{"taxonomy":"post_tag","embeddable":true,"href":"https:\/\/www.studiogera.de\/001\/wp-json\/wp\/v2\/tags?post=12510"}],"curies":[{"name":"wp","href":"https:\/\/api.w.org\/{rel}","templated":true}]}}