{"id":12528,"date":"2020-09-14T11:58:22","date_gmt":"2020-09-14T09:58:22","guid":{"rendered":"http:\/\/www.studiogera.de\/001\/?p=12528"},"modified":"2020-09-14T12:20:08","modified_gmt":"2020-09-14T10:20:08","slug":"freier-museums-eintritt-am-weltkindertag","status":"publish","type":"post","link":"https:\/\/www.studiogera.de\/001\/2020\/09\/14\/freier-museums-eintritt-am-weltkindertag\/","title":{"rendered":"FREIER MUSEUMS-EINTRITT AM WELTKINDERTAG"},"content":{"rendered":"\n<p>Die st\u00e4dtischen Museen laden am Weltkindertag, Sonntag, den 20. September 2020, von 12 Uhr bis 17 Uhr zu einem Museumsbesuch mit der ganzen Familie ein. F\u00fcr Kinder und Jugendliche bis 16 Jahren ist der Eintritt an diesem Tag frei. Neben den derzeitigen Ausstellungen der Museen werden weitere Aktionen f\u00fcr Kinder geboten. Im Stadtmuseum Gera k\u00f6nnen sich Kinder mit einem Quiz auf die Spuren der Stadtgeschichte begeben. Die Entdeckungsreise f\u00fchrt sie zu Hinweisen auf erste Siedlungen, zu Objekten aus dem Mittelalter und zu wichtigen Bewohnern der Stadt. F\u00fcr alle richtigen L\u00f6sungen gibt es eine kleine \u00dcberraschung.<\/p>\n\n\n\n<p>Unter dem Motto \u201eIch war auch mal ein Kind \u2013 Geschichten bei Dix auf dem Sofa\u201c bietet das Otto-Dix-Haus Gera um 14 Uhr einen Museumsrundgang durch das Geburtshaus des ber\u00fchmtesten Sohnes der Stadt Gera an. Dabei werden Kindheitserinnerungen und Jugenderz\u00e4hlungen des weltbekannten Malers lebendig. Berichtet wird von Freunden und Verwandten, Lieblingspl\u00e4tze seiner Kindheit in Untermhaus werden vorgestellt, phantastische Begebenheiten geschildert und ein Einblick in die Kinderb\u00fccher gew\u00e4hrt, die er f\u00fcr seine Tochter Nelly und seine beiden S\u00f6hne Ursus und Jan schrieb.<\/p>\n\n\n\n<p>Im Museum f\u00fcr Angewandte Kunst k\u00f6nnen Kinder die Kunstwerke der Ausstellung \u201eSibylle. Frauen und Mode in der DDR\u201c mit einem spannenden Quiz entdecken und die ausdrucksstarken Fotografien der Mode-Zeitschrift kennenlernen. Die eifrigen Mitspieler erwartet eine kleine \u00dcberraschung zum Mitnehmen. Unter der Adresse www.museen-gera.de finden Sie weitere Informationen.<\/p>\n\n\n\n<p>QUELLE: STADTVERWALTUNG<\/p>\n","protected":false},"excerpt":{"rendered":"<div class=\"mh-excerpt\"><p>Die st\u00e4dtischen Museen laden am Weltkindertag, Sonntag, den 20. September 2020, von 12 Uhr bis 17 Uhr zu einem Museumsbesuch mit der ganzen Familie ein. F\u00fcr Kinder und Jugendliche bis 16 Jahren ist der Eintritt <a class=\"mh-excerpt-more\" href=\"https:\/\/www.studiogera.de\/001\/2020\/09\/14\/freier-museums-eintritt-am-weltkindertag\/\" title=\"FREIER MUSEUMS-EINTRITT AM WELTKINDERTAG\">[&#8230;]<\/a><\/p>\n<\/div>","protected":false},"author":2,"featured_media":3829,"comment_status":"open","ping_status":"open","sticky":false,"template":"","format":"standard","meta":{"footnotes":""},"categories":[8],"tags":[],"class_list":{"0":"post-12528","1":"post","2":"type-post","3":"status-publish","4":"format-standard","5":"has-post-thumbnail","7":"category-kultur"},"_links":{"self":[{"href":"https:\/\/www.studiogera.de\/001\/wp-json\/wp\/v2\/posts\/12528","targetHints":{"allow":["GET"]}}],"collection":[{"href":"https:\/\/www.studiogera.de\/001\/wp-json\/wp\/v2\/posts"}],"about":[{"href":"https:\/\/www.studiogera.de\/001\/wp-json\/wp\/v2\/types\/post"}],"author":[{"embeddable":true,"href":"https:\/\/www.studiogera.de\/001\/wp-json\/wp\/v2\/users\/2"}],"replies":[{"embeddable":true,"href":"https:\/\/www.studiogera.de\/001\/wp-json\/wp\/v2\/comments?post=12528"}],"version-history":[{"count":2,"href":"https:\/\/www.studiogera.de\/001\/wp-json\/wp\/v2\/posts\/12528\/revisions"}],"predecessor-version":[{"id":12536,"href":"https:\/\/www.studiogera.de\/001\/wp-json\/wp\/v2\/posts\/12528\/revisions\/12536"}],"wp:featuredmedia":[{"embeddable":true,"href":"https:\/\/www.studiogera.de\/001\/wp-json\/wp\/v2\/media\/3829"}],"wp:attachment":[{"href":"https:\/\/www.studiogera.de\/001\/wp-json\/wp\/v2\/media?parent=12528"}],"wp:term":[{"taxonomy":"category","embeddable":true,"href":"https:\/\/www.studiogera.de\/001\/wp-json\/wp\/v2\/categories?post=12528"},{"taxonomy":"post_tag","embeddable":true,"href":"https:\/\/www.studiogera.de\/001\/wp-json\/wp\/v2\/tags?post=12528"}],"curies":[{"name":"wp","href":"https:\/\/api.w.org\/{rel}","templated":true}]}}