{"id":12533,"date":"2020-09-14T12:15:12","date_gmt":"2020-09-14T10:15:12","guid":{"rendered":"http:\/\/www.studiogera.de\/001\/?p=12533"},"modified":"2020-09-14T12:15:14","modified_gmt":"2020-09-14T10:15:14","slug":"programm-zum-weltkindertag-am-20-september","status":"publish","type":"post","link":"https:\/\/www.studiogera.de\/001\/2020\/09\/14\/programm-zum-weltkindertag-am-20-september\/","title":{"rendered":"PROGRAMM ZUM WELTKINDERTAG AM 20. SEPTEMBER"},"content":{"rendered":"\n<p>Der Weltkindertag am Sonntag, den 20. September 2020, wird nat\u00fcrlich auch im Theater Altenburg Gera ausgiebig gefeiert. Nachdem das junge Publikum so lange auf Theaterspa\u00df verzichten musste, gibt es nun wieder ein buntes Programm voll Magie, Humor und Spannung.<\/p>\n\n\n\n<p>Gera und Altenburg<br>Musiker des Philharmonischen Orchesters Altenburg Gera laden zum \u201eKonzert f\u00fcr Jung und Alt\u201c (geeignet f\u00fcr Kinder ab etwa sieben Jahren) um 11 Uhr in den Konzertsaal im Theater Gera sowie um 14.30 Uhr ins Theaterzelt Altenburg. Moderatorin Birgit Sp\u00f6rl und Dirigent Yury Ilinov haben spa\u00dfige Musik ausgesucht, in der die Komponisten ihren Humor ausleben. Als musikalischer Schabernack erklingen u.a. Werke von Wolfgang Amadeus Mozart, Ludwig van Beethoven, Joseph Haydn, Leroy Anderson und vielen anderen. Dazu gibt es am\u00fcsante Anekdoten aus der Welt der klassischen Musik, die alles andere als langweilig ist und nat\u00fcrlich auch \u00dcberraschungen auf der B\u00fchne.<\/p>\n\n\n\n<p>Gera<br>Im Puppentheater Gera ist um 10 Uhr der Grimmsche M\u00e4rchenklassiker \u201eRotk\u00e4ppchen\u201c f\u00fcr Kinder ab vier Jahren zu sehen. Rotk\u00e4ppchen ist vielleicht ein braves, vor allem aber ein selbstbewusstes und neugieriges Kind. Als sie eines Tages wieder Brot und Wein zur Gro\u00dfmutter bringen soll, begegnet sie dem Wolf und l\u00e4uft nicht davon. Was wohl danach passiert?<br>Am Nachmittag um 16 Uhr wird dann in der B\u00fchne am Park das Musiktheater \u201eBabbel\u201c zum Mitmachen f\u00fcr Kinder ab f\u00fcnf Jahren aufgef\u00fchrt. Hier begleiten alle gemeinsam den K\u00f6nig, der einen Turm bis zu den Sternen bauen will und erf\u00e4hrt, was dieses vermessene Vorhaben f\u00fcr Folgen hat. Pl\u00f6tzlich sprechen alle unterschiedliche Sprachen, doch Musik hilft zur Verst\u00e4ndigung und schlie\u00dflich wird klar, dass man nicht zu den Sternen reisen muss, um Gl\u00fcck zu finden.<\/p>\n\n\n\n<p>Altenburg<br>Um 10 Uhr wird im Theaterzelt Altenburg das M\u00e4rchen \u201eDornr\u00f6schen\u201c f\u00fcr Kinder ab f\u00fcnf Jahren gespielt. Aus einem aufklappbaren Bilderbuch quillt die Geschichte der Br\u00fcder Grimm hervor: Dornr\u00f6schen bekommt zum Geburtstag die besten W\u00fcnsche der Feen, doch leider hat man die dreizehnte Fee vergessen. Die r\u00e4cht sich mit einem Fluch, der nur durch die zw\u00f6lfte Fee mit einem einhundertj\u00e4hrigen Schlaf gemildert werden kann. Schafft es der sch\u00f6ne Prinz nun, das liebliche K\u00f6nigskind Dornr\u00f6schen zu erwecken?<\/p>\n\n\n\n<p>Informationen und Eintrittskarten in den Theaterkassen sowie unter www.theater-altenburg-gera.de erh\u00e4ltlich. Wegen der erforderlichen Erfassung von Kontaktdaten ist derzeit kein Kartenverkauf \u00fcber externe Vorverkaufsstellen m\u00f6glich.<\/p>\n\n\n\n<p>QUELLE: THEATER ALTENBURG GERA GGMBH<\/p>\n","protected":false},"excerpt":{"rendered":"<div class=\"mh-excerpt\"><p>Der Weltkindertag am Sonntag, den 20. September 2020, wird nat\u00fcrlich auch im Theater Altenburg Gera ausgiebig gefeiert. Nachdem das junge Publikum so lange auf Theaterspa\u00df verzichten musste, gibt es nun wieder ein buntes Programm voll <a class=\"mh-excerpt-more\" href=\"https:\/\/www.studiogera.de\/001\/2020\/09\/14\/programm-zum-weltkindertag-am-20-september\/\" title=\"PROGRAMM ZUM WELTKINDERTAG AM 20. SEPTEMBER\">[&#8230;]<\/a><\/p>\n<\/div>","protected":false},"author":2,"featured_media":12534,"comment_status":"open","ping_status":"open","sticky":false,"template":"","format":"standard","meta":{"footnotes":""},"categories":[15],"tags":[],"class_list":{"0":"post-12533","1":"post","2":"type-post","3":"status-publish","4":"format-standard","5":"has-post-thumbnail","7":"category-theater"},"_links":{"self":[{"href":"https:\/\/www.studiogera.de\/001\/wp-json\/wp\/v2\/posts\/12533","targetHints":{"allow":["GET"]}}],"collection":[{"href":"https:\/\/www.studiogera.de\/001\/wp-json\/wp\/v2\/posts"}],"about":[{"href":"https:\/\/www.studiogera.de\/001\/wp-json\/wp\/v2\/types\/post"}],"author":[{"embeddable":true,"href":"https:\/\/www.studiogera.de\/001\/wp-json\/wp\/v2\/users\/2"}],"replies":[{"embeddable":true,"href":"https:\/\/www.studiogera.de\/001\/wp-json\/wp\/v2\/comments?post=12533"}],"version-history":[{"count":1,"href":"https:\/\/www.studiogera.de\/001\/wp-json\/wp\/v2\/posts\/12533\/revisions"}],"predecessor-version":[{"id":12535,"href":"https:\/\/www.studiogera.de\/001\/wp-json\/wp\/v2\/posts\/12533\/revisions\/12535"}],"wp:featuredmedia":[{"embeddable":true,"href":"https:\/\/www.studiogera.de\/001\/wp-json\/wp\/v2\/media\/12534"}],"wp:attachment":[{"href":"https:\/\/www.studiogera.de\/001\/wp-json\/wp\/v2\/media?parent=12533"}],"wp:term":[{"taxonomy":"category","embeddable":true,"href":"https:\/\/www.studiogera.de\/001\/wp-json\/wp\/v2\/categories?post=12533"},{"taxonomy":"post_tag","embeddable":true,"href":"https:\/\/www.studiogera.de\/001\/wp-json\/wp\/v2\/tags?post=12533"}],"curies":[{"name":"wp","href":"https:\/\/api.w.org\/{rel}","templated":true}]}}