{"id":12548,"date":"2020-09-15T22:54:40","date_gmt":"2020-09-15T20:54:40","guid":{"rendered":"http:\/\/www.studiogera.de\/001\/?p=12548"},"modified":"2020-09-15T22:54:42","modified_gmt":"2020-09-15T20:54:42","slug":"1500-tablets-fuer-den-digitalen-unterricht","status":"publish","type":"post","link":"https:\/\/www.studiogera.de\/001\/2020\/09\/15\/1500-tablets-fuer-den-digitalen-unterricht\/","title":{"rendered":"1500 TABLETS F\u00dcR DEN DIGITALEN UNTERRICHT"},"content":{"rendered":"\n<p>Die Geraer Schulen sollen sp\u00e4testens Anfang n\u00e4chsten Jahres insgesamt 1500 Tablets f\u00fcr den digitalen Unterricht erhalten. Dar\u00fcber informierte die Stadtverwaltung am 14. September 2020 den Ausschuss f\u00fcr Bildung. Die Verteilung der Ger\u00e4te an die Schulen orientiert sich an den Empfehlungen des Th\u00fcringer Ministeriums f\u00fcr Bildung, Jugend und Sport und der Sch\u00fclerzahl. Die Ger\u00e4te werden vollst\u00e4ndig aus Mitteln des Bundes und des Freistaates Th\u00fcringen finanziert. Insgesamt stehen rund 920&#8217;000 Euro zur Verf\u00fcgung.<\/p>\n\n\n\n<p>Grundlage f\u00fcr die Beschaffung ist ein Sofortausstattungsprogramm vom August 2020 im Rahmen der Verwaltungsvorschrift des Th\u00fcringer Ministeriums f\u00fcr Bildung, Jugend und Sport zur Umsetzung des Digitalpakts Schule 2019 bis 2024. Die Stadt Gera hat dazu am 21. August 2020 einen F\u00f6rderantrag eingereicht, der mit Schreiben vom 1. September 2020 bewilligt wurde. Die europaweite \u00f6ffentliche Ausschreibung ist am 9. September 2020 erfolgt und kann unter anderem unter www.gera.de\/amtsblatt (Ausgabe 45-20) nachgelesen werden. Aufgrund der vorgeschriebenen Fristen wird der Auftrag fr\u00fchestens Mitte November vergeben.<\/p>\n\n\n\n<p>QUELLE: STADTVERWALTUNG<\/p>\n","protected":false},"excerpt":{"rendered":"<div class=\"mh-excerpt\"><p>Die Geraer Schulen sollen sp\u00e4testens Anfang n\u00e4chsten Jahres insgesamt 1500 Tablets f\u00fcr den digitalen Unterricht erhalten. Dar\u00fcber informierte die Stadtverwaltung am 14. September 2020 den Ausschuss f\u00fcr Bildung. Die Verteilung der Ger\u00e4te an die Schulen <a class=\"mh-excerpt-more\" href=\"https:\/\/www.studiogera.de\/001\/2020\/09\/15\/1500-tablets-fuer-den-digitalen-unterricht\/\" title=\"1500 TABLETS F\u00dcR DEN DIGITALEN UNTERRICHT\">[&#8230;]<\/a><\/p>\n<\/div>","protected":false},"author":2,"featured_media":12549,"comment_status":"open","ping_status":"open","sticky":false,"template":"","format":"standard","meta":{"footnotes":""},"categories":[3],"tags":[],"class_list":{"0":"post-12548","1":"post","2":"type-post","3":"status-publish","4":"format-standard","5":"has-post-thumbnail","7":"category-lokal"},"_links":{"self":[{"href":"https:\/\/www.studiogera.de\/001\/wp-json\/wp\/v2\/posts\/12548","targetHints":{"allow":["GET"]}}],"collection":[{"href":"https:\/\/www.studiogera.de\/001\/wp-json\/wp\/v2\/posts"}],"about":[{"href":"https:\/\/www.studiogera.de\/001\/wp-json\/wp\/v2\/types\/post"}],"author":[{"embeddable":true,"href":"https:\/\/www.studiogera.de\/001\/wp-json\/wp\/v2\/users\/2"}],"replies":[{"embeddable":true,"href":"https:\/\/www.studiogera.de\/001\/wp-json\/wp\/v2\/comments?post=12548"}],"version-history":[{"count":1,"href":"https:\/\/www.studiogera.de\/001\/wp-json\/wp\/v2\/posts\/12548\/revisions"}],"predecessor-version":[{"id":12550,"href":"https:\/\/www.studiogera.de\/001\/wp-json\/wp\/v2\/posts\/12548\/revisions\/12550"}],"wp:featuredmedia":[{"embeddable":true,"href":"https:\/\/www.studiogera.de\/001\/wp-json\/wp\/v2\/media\/12549"}],"wp:attachment":[{"href":"https:\/\/www.studiogera.de\/001\/wp-json\/wp\/v2\/media?parent=12548"}],"wp:term":[{"taxonomy":"category","embeddable":true,"href":"https:\/\/www.studiogera.de\/001\/wp-json\/wp\/v2\/categories?post=12548"},{"taxonomy":"post_tag","embeddable":true,"href":"https:\/\/www.studiogera.de\/001\/wp-json\/wp\/v2\/tags?post=12548"}],"curies":[{"name":"wp","href":"https:\/\/api.w.org\/{rel}","templated":true}]}}