{"id":12551,"date":"2020-09-15T23:04:30","date_gmt":"2020-09-15T21:04:30","guid":{"rendered":"http:\/\/www.studiogera.de\/001\/?p=12551"},"modified":"2020-09-15T23:15:53","modified_gmt":"2020-09-15T21:15:53","slug":"12551","status":"publish","type":"post","link":"https:\/\/www.studiogera.de\/001\/2020\/09\/15\/12551\/","title":{"rendered":"\u201eERNTE-TREFF\u201c AM 19. SEPTEMBER IM BOTANISCHEN GARTEN"},"content":{"rendered":"\n<p>Seit Jahrzehnten hat das Erntefest in Geras Botanischem Garten Tradition. Am kommenden Samstag, den 19. September 2020, \u00f6ffnet es von 10 Uhr bis 17 Uhr im kleineren Rahmen als \u201eErnte-Treff\u201c ohne Eintritt seine Pforten. Dabei werden dem Natur- und Garteninteressierten in gr\u00fcnem Ambiente unter freiem Himmel St\u00e4nde verschiedener Aussteller geboten: Die Obstausstellung mit \u00fcber einhundert alten und neuen Sorten mit Verkauf, Wildbl\u00fcten- und Kr\u00e4utergelees aus Reginas Kr\u00e4uterk\u00fcche sowie eine Strecke mit der Entstehung unserer Getreidesorten. Zudem wird es f\u00fcr Besucher eine umfassende Beratung in Sachen \u00f6kologischer Landbau vom Th\u00fcringer Dachverband \u00d6koherz e. V. geben.<\/p>\n\n\n\n<p>Weitere H\u00f6hepunkte: Der Pilzsachverst\u00e4ndige Bodo Wagner bestimmt fachm\u00e4nnisch die mitgebrachten Pilze der Besucher; w\u00e4hrend Ariane Viller zum Beratungsgespr\u00e4ch beim \u201eBaumdoktor\u201c l\u00e4dt. Dort k\u00f6nnen anhand mitgebrachter Fotografien von verwachsenen oder kranken Obstb\u00e4umen aus dem eigenen Garten Tipps zur Pflege und dem richtigen Schnitt ausgetauscht werden. Ein breites Mitmachprogramm wendet sich an Kinder und Familien: Mit Obst-Quiz, Herbstbasteleinen und Bl\u00e4tterdruck mit dem Geraer Virtuosen und Schmierfinken e. V. sowie Popcorn und Drehorgelmusik findet sich etwas f\u00fcr Jung und Alt. Kaffee und Kuchen laden au\u00dferdem zum Verweilen ein.<\/p>\n\n\n\n<p>Im Rahmen des Hygienekonzepts der Veranstaltung dient nur das Gartentor in der Schillerstra\u00dfe als Eingang. Es werden Kontaktdaten der Besucher f\u00fcr eine eventuelle Kontaktnachverfolgung erfasst. Im Turmhaus des Botanischen Gartens muss eine Corona-Maske getragen werden. Das Museum f\u00fcr Naturkunde und die Gesellschaft von Freunden der Naturwissenschaften in Gera e. V. freuen sich auf Ihren Besuch.<\/p>\n\n\n\n<p>QUELLE: STADTVERWALTUNG<\/p>\n","protected":false},"excerpt":{"rendered":"<div class=\"mh-excerpt\"><p>Seit Jahrzehnten hat das Erntefest in Geras Botanischem Garten Tradition. Am kommenden Samstag, den 19. September 2020, \u00f6ffnet es von 10 Uhr bis 17 Uhr im kleineren Rahmen als \u201eErnte-Treff\u201c ohne Eintritt seine Pforten. Dabei <a class=\"mh-excerpt-more\" href=\"https:\/\/www.studiogera.de\/001\/2020\/09\/15\/12551\/\" title=\"\u201eERNTE-TREFF\u201c AM 19. SEPTEMBER IM BOTANISCHEN GARTEN\">[&#8230;]<\/a><\/p>\n<\/div>","protected":false},"author":2,"featured_media":12552,"comment_status":"open","ping_status":"open","sticky":false,"template":"","format":"standard","meta":{"footnotes":""},"categories":[8],"tags":[],"class_list":{"0":"post-12551","1":"post","2":"type-post","3":"status-publish","4":"format-standard","5":"has-post-thumbnail","7":"category-kultur"},"_links":{"self":[{"href":"https:\/\/www.studiogera.de\/001\/wp-json\/wp\/v2\/posts\/12551","targetHints":{"allow":["GET"]}}],"collection":[{"href":"https:\/\/www.studiogera.de\/001\/wp-json\/wp\/v2\/posts"}],"about":[{"href":"https:\/\/www.studiogera.de\/001\/wp-json\/wp\/v2\/types\/post"}],"author":[{"embeddable":true,"href":"https:\/\/www.studiogera.de\/001\/wp-json\/wp\/v2\/users\/2"}],"replies":[{"embeddable":true,"href":"https:\/\/www.studiogera.de\/001\/wp-json\/wp\/v2\/comments?post=12551"}],"version-history":[{"count":2,"href":"https:\/\/www.studiogera.de\/001\/wp-json\/wp\/v2\/posts\/12551\/revisions"}],"predecessor-version":[{"id":12554,"href":"https:\/\/www.studiogera.de\/001\/wp-json\/wp\/v2\/posts\/12551\/revisions\/12554"}],"wp:featuredmedia":[{"embeddable":true,"href":"https:\/\/www.studiogera.de\/001\/wp-json\/wp\/v2\/media\/12552"}],"wp:attachment":[{"href":"https:\/\/www.studiogera.de\/001\/wp-json\/wp\/v2\/media?parent=12551"}],"wp:term":[{"taxonomy":"category","embeddable":true,"href":"https:\/\/www.studiogera.de\/001\/wp-json\/wp\/v2\/categories?post=12551"},{"taxonomy":"post_tag","embeddable":true,"href":"https:\/\/www.studiogera.de\/001\/wp-json\/wp\/v2\/tags?post=12551"}],"curies":[{"name":"wp","href":"https:\/\/api.w.org\/{rel}","templated":true}]}}