{"id":12556,"date":"2020-09-15T23:24:47","date_gmt":"2020-09-15T21:24:47","guid":{"rendered":"http:\/\/www.studiogera.de\/001\/?p=12556"},"modified":"2020-09-15T23:24:48","modified_gmt":"2020-09-15T21:24:48","slug":"servicepunkt-generationen-in-der-heinrichstrasse-43","status":"publish","type":"post","link":"https:\/\/www.studiogera.de\/001\/2020\/09\/15\/servicepunkt-generationen-in-der-heinrichstrasse-43\/","title":{"rendered":"SERVICEPUNKT GENERATIONEN IN DER HEINRICHSTRASSE 43"},"content":{"rendered":"\n<p>Mit der Er\u00f6ffnung des Servicepunktes Generationen in der Heinrichstra\u00dfe 43 wird ein weiterer Meilenstein in der Geraer Innenstadt umgesetzt. In dieser st\u00e4dtischen Einrichtung wird ab sofort beraten, unterst\u00fctzt und jede Art von Information an den B\u00fcrger weitergegeben.<\/p>\n\n\n\n<p>\u201eIn verschiedenen Workshops wurden Akteure aus Initiativen, Vereinen, Politik, Stadtverwaltung und vor allem B\u00fcrgerinnen und B\u00fcrger vernetzt, um eine Anlaufstelle zu entwickeln, die nicht nur Ratsuchenden zur Seite steht, sondern ebenfalls die vielf\u00e4ltige Infrastruktur f\u00fcr Familien unterst\u00fctzt und verbindet. Die Bem\u00fchungen der vergangenen Jahre sind ein hervorragendes Beispiel f\u00fcr eine aktive und praktikable B\u00fcrgerbeteiligung\u201c, betont Sozialdezernentin Sandra Wanzar.<\/p>\n\n\n\n<p>\u201eF\u00fcr die B\u00fcrgerinnen und B\u00fcrger unserer Stadt ist es enorm wichtig, eine Anlaufstelle zu haben, bei der ihnen schnell und unkompliziert weitergeholfen wird. Egal welches Alter, egal welches Anliegen. Die Mitarbeiterinnen vor Ort werden ihr Bestes geben und ich w\u00fcnsche mir, dass der Servicepunkt Generationen rege genutzt wird\u201c, l\u00e4dt Oberb\u00fcrgermeister Julian Vonarb die Geraer zu einem Besuch in die Heinrichstra\u00dfe 43 ein.<\/p>\n\n\n\n<p>Die Anlaufstelle wird aus Mitteln des \u201eLandesprogramms Solidarisches Zusammenleben der Generationen\u201c finanziert und ist an drei Tagen in der Woche, und zwar montags, dienstags und donnerstags, ge\u00f6ffnet. Die Mitarbeiterinnen beraten zu allen Themen, die B\u00fcrgern Geras auf dem Herzen liegen; sei es als Orientierungshilfe in der Verwaltung, als Vermittlung zu Fachstellen, Verb\u00e4nden oder Vereinen oder einfach als Ansprechpartner f\u00fcr Ratsuchende. Auch beim Ausf\u00fcllen von Antr\u00e4gen unterst\u00fctzen die Mitarbeiterinnen gern. \u201eWir verstehen uns als offenes Haus, in das jede B\u00fcrgerin und jeder B\u00fcrger der Stadt mit Fragen und Anliegen kommen kann.\u201c, erkl\u00e4rt die Koordinatorin des Servicepunkts Generationen, Marina St\u00fcwe.<\/p>\n\n\n\n<p><strong>Hintergrund<\/strong><br>Bereits mit dem 2014 vom Geraer Stadtrat beschlossenen Integrierten Stadtentwicklungskonzept zeigte sich der Bedarf vertiefender Unterst\u00fctzungs- und Informationsangebote im innerst\u00e4dtischen Bereich. Gera bietet Familien bereits eine gut entwickelte Infrastruktur und die Stadt wird durch verschiedene Ma\u00dfnahmen, wie Audit familiengerechte Kommune, familienfreundlich gestaltet. F\u00fcr Familien mit Kindern oder auch f\u00fcr werdende Eltern stehen in Gera umfangreiche Beratungs-, Unterst\u00fctzungs- und Informationsangebote zur Verf\u00fcgung. Dies gilt bisher noch nicht im gleichen Ma\u00dfe f\u00fcr \u00c4ltere und Menschen die sozial benachteiligt sind. Dem soll mit dem neuen Servicepunkt aktiv entgegengewirkt werden.<\/p>\n\n\n\n<p><strong>\u00d6ffnungszeiten<\/strong><br>montags und donnerstags von 8 Uhr bis 13 Uhr<br>dienstags von 14 Uhr bis 19 Uhr<\/p>\n\n\n\n<p><strong>Telefonische Erreichbarkeit<\/strong><br>montags bis freitags (au\u00dfer dienstags) von 8 Uhr bis 14 Uhr<br>dienstags von 14 Uhr bis 19 Uhr<\/p>\n\n\n\n<p>Rufnummer: 0365 838 3060<br>Faxnummer: 0365 838 3065<br>elektronische Post: Service.Generationen@gera.de<br>Hausanschrift: Heinrichstra\u00dfe 43, 07545 Gera<\/p>\n\n\n\n<p>QUELLE: STADTVERWALTUNG<\/p>\n","protected":false},"excerpt":{"rendered":"<div class=\"mh-excerpt\"><p>Mit der Er\u00f6ffnung des Servicepunktes Generationen in der Heinrichstra\u00dfe 43 wird ein weiterer Meilenstein in der Geraer Innenstadt umgesetzt. In dieser st\u00e4dtischen Einrichtung wird ab sofort beraten, unterst\u00fctzt und jede Art von Information an den <a class=\"mh-excerpt-more\" href=\"https:\/\/www.studiogera.de\/001\/2020\/09\/15\/servicepunkt-generationen-in-der-heinrichstrasse-43\/\" title=\"SERVICEPUNKT GENERATIONEN IN DER HEINRICHSTRASSE 43\">[&#8230;]<\/a><\/p>\n<\/div>","protected":false},"author":2,"featured_media":12557,"comment_status":"open","ping_status":"open","sticky":false,"template":"","format":"standard","meta":{"footnotes":""},"categories":[3],"tags":[],"class_list":{"0":"post-12556","1":"post","2":"type-post","3":"status-publish","4":"format-standard","5":"has-post-thumbnail","7":"category-lokal"},"_links":{"self":[{"href":"https:\/\/www.studiogera.de\/001\/wp-json\/wp\/v2\/posts\/12556","targetHints":{"allow":["GET"]}}],"collection":[{"href":"https:\/\/www.studiogera.de\/001\/wp-json\/wp\/v2\/posts"}],"about":[{"href":"https:\/\/www.studiogera.de\/001\/wp-json\/wp\/v2\/types\/post"}],"author":[{"embeddable":true,"href":"https:\/\/www.studiogera.de\/001\/wp-json\/wp\/v2\/users\/2"}],"replies":[{"embeddable":true,"href":"https:\/\/www.studiogera.de\/001\/wp-json\/wp\/v2\/comments?post=12556"}],"version-history":[{"count":1,"href":"https:\/\/www.studiogera.de\/001\/wp-json\/wp\/v2\/posts\/12556\/revisions"}],"predecessor-version":[{"id":12558,"href":"https:\/\/www.studiogera.de\/001\/wp-json\/wp\/v2\/posts\/12556\/revisions\/12558"}],"wp:featuredmedia":[{"embeddable":true,"href":"https:\/\/www.studiogera.de\/001\/wp-json\/wp\/v2\/media\/12557"}],"wp:attachment":[{"href":"https:\/\/www.studiogera.de\/001\/wp-json\/wp\/v2\/media?parent=12556"}],"wp:term":[{"taxonomy":"category","embeddable":true,"href":"https:\/\/www.studiogera.de\/001\/wp-json\/wp\/v2\/categories?post=12556"},{"taxonomy":"post_tag","embeddable":true,"href":"https:\/\/www.studiogera.de\/001\/wp-json\/wp\/v2\/tags?post=12556"}],"curies":[{"name":"wp","href":"https:\/\/api.w.org\/{rel}","templated":true}]}}