{"id":12559,"date":"2020-09-16T00:01:31","date_gmt":"2020-09-15T22:01:31","guid":{"rendered":"http:\/\/www.studiogera.de\/001\/?p=12559"},"modified":"2020-09-16T00:02:19","modified_gmt":"2020-09-15T22:02:19","slug":"sonderfonds-fuer-vereine-in-not","status":"publish","type":"post","link":"https:\/\/www.studiogera.de\/001\/2020\/09\/16\/sonderfonds-fuer-vereine-in-not\/","title":{"rendered":"SONDERFONDS F\u00dcR VEREINE IN NOT"},"content":{"rendered":"\n<p>Zur Unterst\u00fctzung insolvenzbedrohter Vereine und gemeinn\u00fctziger Organisationen konnte die Th\u00fcringer Ehrenamtsstiftung am 3. August 2020 auf einen vorangegangenen Beschluss des Th\u00fcringer Landtags den \u201eSonderfonds f\u00fcr Vereine in Not\u201c auflegen. Mit insgesamt 500&#8217;000 Euro Gesamtumfang und maximal 4000 Euro pro Verein m\u00f6chte die Stiftung eine Existenzbedrohung vieler Vereine des Freistaats abwenden, die aufgrund der Corona-Situation in finanzielle Engp\u00e4sse geraten sind.<\/p>\n\n\n\n<p>Beantragt werden k\u00f6nnen zum Beispiel anteilige Kosten f\u00fcr:<\/p>\n\n\n\n<ul class=\"wp-block-list\"><li>Miete und Nebenkosten<\/li><li>Internet- und Telefongeb\u00fchren<\/li><li>Verbrauchsmaterial<\/li><li>Versicherungen<\/li><li>Beitr\u00e4ge in Dachorganisationen<\/li><li>abgesagte Veranstaltungen und Projekte<\/li><li>Instandhaltungen<\/li><li>\u00d6ffentlichkeitsarbeit<\/li><\/ul>\n\n\n\n<p>Bereits \u00fcber 220&#8217;000 Euro aus dem Fonds wurden beantragt. Wer Unterst\u00fctzung ben\u00f6tigt, kann sich vertrauensvoll an die Ehrenamtszentrale der Stadt Gera wenden oder direkt das Antragsformular an die Th\u00fcringer Ehrenamtsstiftung senden.<\/p>\n\n\n\n<p>Das Antragsformular, Kontaktdaten und weiterf\u00fchrende Informationen finden Interessierte unter &#8222;<a href=\"https:\/\/www.thueringer-ehrenamtsstiftung.de\/vereine-in-not\/\">https:\/\/www.thueringer-ehrenamtsstiftung.de\/vereine-in-not\/<\/a>&#8220; oder unter &#8222;<a href=\"http:\/\/www.gera.de\/Ehrenamtszentrale\">www.gera.de\/Ehrenamtszentrale<\/a>&#8222;.<\/p>\n","protected":false},"excerpt":{"rendered":"<div class=\"mh-excerpt\"><p>Zur Unterst\u00fctzung insolvenzbedrohter Vereine und gemeinn\u00fctziger Organisationen konnte die Th\u00fcringer Ehrenamtsstiftung am 3. August 2020 auf einen vorangegangenen Beschluss des Th\u00fcringer Landtags den \u201eSonderfonds f\u00fcr Vereine in Not\u201c auflegen. Mit insgesamt 500&#8217;000 Euro Gesamtumfang und <a class=\"mh-excerpt-more\" href=\"https:\/\/www.studiogera.de\/001\/2020\/09\/16\/sonderfonds-fuer-vereine-in-not\/\" title=\"SONDERFONDS F\u00dcR VEREINE IN NOT\">[&#8230;]<\/a><\/p>\n<\/div>","protected":false},"author":2,"featured_media":10968,"comment_status":"open","ping_status":"open","sticky":false,"template":"","format":"standard","meta":{"footnotes":""},"categories":[16],"tags":[],"class_list":{"0":"post-12559","1":"post","2":"type-post","3":"status-publish","4":"format-standard","5":"has-post-thumbnail","7":"category-kurzmitteilungen"},"_links":{"self":[{"href":"https:\/\/www.studiogera.de\/001\/wp-json\/wp\/v2\/posts\/12559","targetHints":{"allow":["GET"]}}],"collection":[{"href":"https:\/\/www.studiogera.de\/001\/wp-json\/wp\/v2\/posts"}],"about":[{"href":"https:\/\/www.studiogera.de\/001\/wp-json\/wp\/v2\/types\/post"}],"author":[{"embeddable":true,"href":"https:\/\/www.studiogera.de\/001\/wp-json\/wp\/v2\/users\/2"}],"replies":[{"embeddable":true,"href":"https:\/\/www.studiogera.de\/001\/wp-json\/wp\/v2\/comments?post=12559"}],"version-history":[{"count":2,"href":"https:\/\/www.studiogera.de\/001\/wp-json\/wp\/v2\/posts\/12559\/revisions"}],"predecessor-version":[{"id":12561,"href":"https:\/\/www.studiogera.de\/001\/wp-json\/wp\/v2\/posts\/12559\/revisions\/12561"}],"wp:featuredmedia":[{"embeddable":true,"href":"https:\/\/www.studiogera.de\/001\/wp-json\/wp\/v2\/media\/10968"}],"wp:attachment":[{"href":"https:\/\/www.studiogera.de\/001\/wp-json\/wp\/v2\/media?parent=12559"}],"wp:term":[{"taxonomy":"category","embeddable":true,"href":"https:\/\/www.studiogera.de\/001\/wp-json\/wp\/v2\/categories?post=12559"},{"taxonomy":"post_tag","embeddable":true,"href":"https:\/\/www.studiogera.de\/001\/wp-json\/wp\/v2\/tags?post=12559"}],"curies":[{"name":"wp","href":"https:\/\/api.w.org\/{rel}","templated":true}]}}