{"id":12595,"date":"2020-09-17T01:42:23","date_gmt":"2020-09-16T23:42:23","guid":{"rendered":"http:\/\/www.studiogera.de\/001\/?p=12595"},"modified":"2020-09-17T01:48:18","modified_gmt":"2020-09-16T23:48:18","slug":"das-theater-vom-18-bis-20-september-2020","status":"publish","type":"post","link":"https:\/\/www.studiogera.de\/001\/2020\/09\/17\/das-theater-vom-18-bis-20-september-2020\/","title":{"rendered":"DAS THEATER VOM 18. BIS 20. SEPTEMBER 2020"},"content":{"rendered":"\n<p>Die Er\u00f6ffnungsgala zum Spielzeitbeginn beginnt am Freitag um 14.30 Uhr und 19.30 Uhr im Gro\u00dfen Haus des Geraer Theaters, sowie am Samstag um 19.30 Uhr und am Sonntag um 18 Uhr im Altenburger Theaterzelt. M\u00f6glicherweise sind noch Restkarten verf\u00fcgbar. Bei sch\u00f6nem Wetter gibt es vor dem Theater ein Catering-Angebot.<br>Als eingespieltes Moderatorenduo begr\u00fc\u00dfen Generalintendant Kay Kuntze und Schauspieldirektor Manuel Kressin das Publikum endlich wieder im Theater. K\u00fcnstlerinnen und K\u00fcnstler aller f\u00fcnf Sparten pr\u00e4sentieren Ausschnitte aus bevorstehenden Premieren.<\/p>\n\n\n\n<p>Musiker des Philharmonischen Orchesters Altenburg Gera laden zum \u201eKonzert f\u00fcr Jung und Alt\u201c, geeignet ab einem Alter von sieben Jahren, am Sonntag um 11 Uhr in den Konzertsaal im Geraer Theater sowie um 14.30 Uhr ins Altenburger Theaterzelt. Moderatorin Birgit Sp\u00f6rl und Dirigent Yury Ilinov haben spa\u00dfige Musik ausgesucht, in der die Komponisten ihren Humor ausleben. Als musikalischer Schabernack erklingen u.a. Werke von Wolfgang Amadeus Mozart, Ludwig van Beethoven, Joseph Haydn, Leroy Anderson und vielen anderen. Dazu gibt es am\u00fcsante Anekdoten aus der Welt der klassischen Musik, die alles andere als langweilig ist und nat\u00fcrlich auch \u00dcberraschungen auf der B\u00fchne.<\/p>\n\n\n\n<p>ALTENBURG<\/p>\n\n\n\n<p>Im Rahmen des II. Filmfest Altenburg werden am Freitag ab 21 Uhr im Autokino neben dem Theaterzelt ausgew\u00e4hlte Kurzfilme des internationalen Wettbewerbs gezeigt.<\/p>\n\n\n\n<p>Am Sonntag um 10 Uhr wird im Theaterzelt Altenburg das M\u00e4rchen \u201eDornr\u00f6schen\u201c f\u00fcr Kinder ab 5 Jahren gespielt. Aus einem aufklappbaren Bilderbuch quillt die Geschichte der Br\u00fcder Grimm hervor: Dornr\u00f6schen bekommt zum Geburtstag die besten W\u00fcnsche der Feen, doch leider hat man die dreizehnte Fee vergessen. Die r\u00e4cht sich mit einem Fluch, der nur durch die zw\u00f6lfte Fee mit einem einhundertj\u00e4hrigen Schlaf gemildert werden kann. Schafft es der sch\u00f6ne Prinz nun, das liebliche K\u00f6nigskind Dornr\u00f6schen zu erwecken?<\/p>\n\n\n\n<p>GERA<\/p>\n\n\n\n<p>Im Puppentheater Gera spielt Sabine Schramm ihr neues Kabarett-Programm \u201ePudels Kern \u2026\u201c am Freitag um 19.30 Uhr. Das Theaterst\u00fcck der Autorin und Regisseurin Karin Eppler blickt in die Arbeitswelt am Theater und im Dialog mit ihrem tierischen Kompagnon nimmt Sabine Schramm unsere moderne Lebenswelt und das aktuelle Zeitgeschehen humorvoll auseinander.<\/p>\n\n\n\n<p>Der Grimmsche M\u00e4rchenklassiker \u201eRotk\u00e4ppchen\u201c f\u00fcr Kinder ab vier Jahren ist am Samstag um 16 Uhr und am Sonntag um 10 Uhr im Puppentheater Gera zu sehen. Rotk\u00e4ppchen ist vielleicht ein braves, vor allem aber ein selbstbewusstes und neugieriges Kind. Als sie eines Tages wieder Brot und Wein zur Gro\u00dfmutter bringen soll, begegnet sie dem Wolf und l\u00e4uft nicht davon. Was wohl danach passiert?<\/p>\n\n\n\n<p>Beim Fabrikfr\u00fchst\u00fcck am Sonntag um 11 Uhr in der Theaterfabrik wird das Programm der neuen Spielzeit vorgestellt, es gibt M\u00f6glichkeiten zum Austausch und zur Anmeldung f\u00fcr neue Kurse und Projekte.<\/p>\n\n\n\n<p>Am Sonntag um 16 Uhr wird dann in der B\u00fchne am Park Gera das Musiktheater \u201eBabbel\u201c zum Mitmachen f\u00fcr Kinder ab f\u00fcnf Jahren aufgef\u00fchrt. Hier begleiten alle gemeinsam den K\u00f6nig, der einen Turm bis zu den Sternen bauen will und erf\u00e4hrt, was dieses vermessene Vorhaben f\u00fcr Folgen hat. Pl\u00f6tzlich sprechen alle unterschiedliche Sprachen, doch Musik hilft zur Verst\u00e4ndigung und schlie\u00dflich wird klar, dass man nicht zu den Sternen reisen muss, um Gl\u00fcck zu finden.<\/p>\n\n\n\n<p>Eintrittskarten sind an der Theaterkasse erh\u00e4ltlich. Diese k\u00f6nnen telefonisch unter der Rufnummer 0365 8279105 bzw. 03447 585160 sowie \u00fcber www.theater-altenburg-gera.de reserviert werden. Wegen der erforderlichen Erfassung von Kontaktdaten ist derzeit kein Kartenverkauf \u00fcber externe Vorverkaufsstellen m\u00f6glich.<\/p>\n\n\n\n<p>QUELLE: THEATER ALTENBURG GERA GGMBH<\/p>\n","protected":false},"excerpt":{"rendered":"<div class=\"mh-excerpt\"><p>Die Er\u00f6ffnungsgala zum Spielzeitbeginn beginnt am Freitag um 14.30 Uhr und 19.30 Uhr im Gro\u00dfen Haus des Geraer Theaters, sowie am Samstag um 19.30 Uhr und am Sonntag um 18 Uhr im Altenburger Theaterzelt. M\u00f6glicherweise <a class=\"mh-excerpt-more\" href=\"https:\/\/www.studiogera.de\/001\/2020\/09\/17\/das-theater-vom-18-bis-20-september-2020\/\" title=\"DAS THEATER VOM 18. BIS 20. SEPTEMBER 2020\">[&#8230;]<\/a><\/p>\n<\/div>","protected":false},"author":2,"featured_media":12596,"comment_status":"open","ping_status":"open","sticky":false,"template":"","format":"standard","meta":{"footnotes":""},"categories":[15],"tags":[],"class_list":{"0":"post-12595","1":"post","2":"type-post","3":"status-publish","4":"format-standard","5":"has-post-thumbnail","7":"category-theater"},"_links":{"self":[{"href":"https:\/\/www.studiogera.de\/001\/wp-json\/wp\/v2\/posts\/12595","targetHints":{"allow":["GET"]}}],"collection":[{"href":"https:\/\/www.studiogera.de\/001\/wp-json\/wp\/v2\/posts"}],"about":[{"href":"https:\/\/www.studiogera.de\/001\/wp-json\/wp\/v2\/types\/post"}],"author":[{"embeddable":true,"href":"https:\/\/www.studiogera.de\/001\/wp-json\/wp\/v2\/users\/2"}],"replies":[{"embeddable":true,"href":"https:\/\/www.studiogera.de\/001\/wp-json\/wp\/v2\/comments?post=12595"}],"version-history":[{"count":3,"href":"https:\/\/www.studiogera.de\/001\/wp-json\/wp\/v2\/posts\/12595\/revisions"}],"predecessor-version":[{"id":12600,"href":"https:\/\/www.studiogera.de\/001\/wp-json\/wp\/v2\/posts\/12595\/revisions\/12600"}],"wp:featuredmedia":[{"embeddable":true,"href":"https:\/\/www.studiogera.de\/001\/wp-json\/wp\/v2\/media\/12596"}],"wp:attachment":[{"href":"https:\/\/www.studiogera.de\/001\/wp-json\/wp\/v2\/media?parent=12595"}],"wp:term":[{"taxonomy":"category","embeddable":true,"href":"https:\/\/www.studiogera.de\/001\/wp-json\/wp\/v2\/categories?post=12595"},{"taxonomy":"post_tag","embeddable":true,"href":"https:\/\/www.studiogera.de\/001\/wp-json\/wp\/v2\/tags?post=12595"}],"curies":[{"name":"wp","href":"https:\/\/api.w.org\/{rel}","templated":true}]}}