{"id":12608,"date":"2020-09-18T18:08:21","date_gmt":"2020-09-18T16:08:21","guid":{"rendered":"http:\/\/www.studiogera.de\/001\/?p=12608"},"modified":"2020-09-18T20:08:00","modified_gmt":"2020-09-18T18:08:00","slug":"baustellen-und-aenderungen-der-verkehrsfuehrung","status":"publish","type":"post","link":"https:\/\/www.studiogera.de\/001\/2020\/09\/18\/baustellen-und-aenderungen-der-verkehrsfuehrung\/","title":{"rendered":"BAUSTELLEN UND \u00c4NDERUNGEN DER VERKEHRSF\u00dcHRUNG"},"content":{"rendered":"\n<p>Das Verkehrsamt der Stadt Gera weist darauf hin, dass zurzeit der Einbau der Asphaltschichten in der Plauenschen Stra\u00dfe im Abschnitt zwischen Pfortener Stra\u00dfe und Meuselwitzer Stra\u00dfe erfolgt. Aufgrund von notwendigen Kontrollpr\u00fcfungen kann dieser Bereich erst ab dem 21. September 2020 f\u00fcr den Anlieger- und Individualverkehr freigegeben werden. Die Verkehrsf\u00fchrung wird \u00f6rtlich ausgeschildert.<\/p>\n\n\n\n<p>In den letzten Wochen sind in der Stadt Gera mehrere B\u00fcrgeranfragen eingegangen, ob die gegenw\u00e4rtig aufgrund einer Bauma\u00dfnahme provisorische Einbahnstra\u00dfenregelung in der Gerhart-Hauptmann-Stra\u00dfe als Dauerl\u00f6sung eingerichtet werden kann. Die Stadt Gera hat sich daraufhin mit der Landespolizeiinspektion Gera, dem Geraer Verkehrsbetrieb und dem Regionalverkehr Gera-Land abgestimmt und entschieden, die Einbahnstra\u00dfe in der Gerhart-Hauptmann-Stra\u00dfe beizubehalten und k\u00fcnftig von der Leo-Tolstoi-Stra\u00dfe bis zur Franz-Petrich-Stra\u00dfe zu f\u00fchren. Damit kommt es in dem durch parkende Fahrzeuge beengten Stra\u00dfenabschnitt nicht mehr zu Konflikten im Begegnungsverkehr. Gleichzeitig wird das gesamte Wohngebiet des Reu\u00dfparkes als Tempo-30-Zone ausgewiesen. Diese Ma\u00dfnahme soll neben einer Erh\u00f6hung der Wohnqualit\u00e4t auch den Sch\u00fclern des Osterlandgymnasiums helfen, die mit dem KOM zur Schule fahren und durch die Einbahnstra\u00dfenregelung die Gerhart-Hauptmann-Stra\u00dfe queren m\u00fcssen.<\/p>\n\n\n\n<p>Die Stadt Gera hat mit den vorbereitenden Ma\u00dfnahmen f\u00fcr die Instandsetzung des Radweges an der Stadtrodaer Stra\u00dfe im Abschnitt zwischen der Hofer Stra\u00dfe\/Bundesstra\u00dfe 2 und der Scheubengrobsdorfer Stra\u00dfe begonnen. Derzeit werden die angrenzenden B\u00e4ume und Str\u00e4ucher f\u00fcr das ben\u00f6tigte Lichtraumprofil zur Durchf\u00fchrung der Bauarbeiten zur\u00fcckgeschnitten. Im Abschnitt von der Hofer Stra\u00dfe\/Bundesstra\u00dfe 2 bis Dr.-Sauerbruch-Weg werden die Fu\u00dfg\u00e4nger in der \u00d6rtlichkeit gef\u00fchrt. Im Abschnitt Dr.-Sauerbruch-Weg bis Scheubengrobsdorfer Stra\u00dfe wird der Rad- und Fu\u00dfweg vollst\u00e4ndig gesperrt. Die Umleitung f\u00fcr die Fu\u00dfg\u00e4nger erfolgt \u00fcber den Dr.-Sauerbruch-Weg, die Dr.-Hufeland-Stra\u00dfe und die Dr.-Virchow-Stra\u00dfe. Radfahrer werden \u00fcber die Stra\u00dfe vom Abzweig Hofer Stra\u00dfe\/B2 bis zur Scheubengrobsdorfer Stra\u00dfe umgeleitet. Die Bushaltestelle \u201eWindischenbernsdorf\u201c wird in die Scheubengrobsdorfer Stra\u00dfe verlegt. Die Bauma\u00dfnahme wird etwa drei Wochen in Anspruch nehmen und von der Firma Strabag, Gruppe Gera, ausgef\u00fchrt. Vorgesehen sind das Abfr\u00e4sen des vorhandenen Asphaltes und Einbau neuen Asphalts. Im parallelen Gehwegbereich, der mit Pflaster befestigt ist, werden punktuell die besch\u00e4digten Bereiche ausgebessert. Das Bauvorhaben wird durch den Freistaat Th\u00fcringen, Landesamt f\u00fcr Bau und Verkehr gef\u00f6rdert und mit Eigenmitteln der Stadt Gera finanziert.<\/p>\n\n\n\n<p>Gebaut wird au\u00dferdem vom 6. Juli 2020 bis 5. Juli 2021 in der Altenburger Stra\u00dfe\/Karl-Liebknecht-Stra\u00dfe. Dort werden Gas-, Elektrizit\u00e4ts- und Steuerungsleitungen erneuert. Die betroffenen Abschnitte sind eingeschr\u00e4nkt befahrbar. In der Quellenstra\u00dfe werden unter Vollsperrung vom 27. April 202o bis 16. Oktober 2020 die Stra\u00dfe, Trinkwasserleitungen und Kan\u00e4le erneuert. Die Clara-Zetkin-Stra\u00dfe ist vom 30. M\u00e4rz bis 6. November wegen umfassender Stra\u00dfenbauarbeiten f\u00fcr den Fahrzeugverkehr gesperrt. Vollst\u00e4ndig gesperrt ist auch der Gries wegen des Neubaus der Hochwasserschutzmauer im Zeitraum vom 4. M\u00e4rz 2020 bis 1. M\u00e4rz 2021. Die Wiesestra\u00dfe ist wegen umfassender Stra\u00dfenbauarbeiten vom 12. Juli 2019 bis voraussichtlich 31. Dezember 2021 gesperrt. In Seligenst\u00e4dt ist die Dorfstra\u00dfe wegen des Verlegens einer Gasleitung vom 19. Juni 2020 bis 31. Oktober 2020 vollst\u00e4ndig gesperrt. Wegen des voraussichtlich bis 31. Dezember 2020 andauernden Br\u00fcckenbaus in der Zoitzbergstra\u00dfe, kommt es im dortigen Abschnitt der Bundesstra\u00dfe 92 zu Sperrungen und Umleitungen.<\/p>\n","protected":false},"excerpt":{"rendered":"<div class=\"mh-excerpt\"><p>Das Verkehrsamt der Stadt Gera weist darauf hin, dass zurzeit der Einbau der Asphaltschichten in der Plauenschen Stra\u00dfe im Abschnitt zwischen Pfortener Stra\u00dfe und Meuselwitzer Stra\u00dfe erfolgt. Aufgrund von notwendigen Kontrollpr\u00fcfungen kann dieser Bereich erst <a class=\"mh-excerpt-more\" href=\"https:\/\/www.studiogera.de\/001\/2020\/09\/18\/baustellen-und-aenderungen-der-verkehrsfuehrung\/\" title=\"BAUSTELLEN UND \u00c4NDERUNGEN DER VERKEHRSF\u00dcHRUNG\">[&#8230;]<\/a><\/p>\n<\/div>","protected":false},"author":2,"featured_media":11045,"comment_status":"open","ping_status":"open","sticky":false,"template":"","format":"standard","meta":{"footnotes":""},"categories":[3],"tags":[],"class_list":{"0":"post-12608","1":"post","2":"type-post","3":"status-publish","4":"format-standard","5":"has-post-thumbnail","7":"category-lokal"},"_links":{"self":[{"href":"https:\/\/www.studiogera.de\/001\/wp-json\/wp\/v2\/posts\/12608","targetHints":{"allow":["GET"]}}],"collection":[{"href":"https:\/\/www.studiogera.de\/001\/wp-json\/wp\/v2\/posts"}],"about":[{"href":"https:\/\/www.studiogera.de\/001\/wp-json\/wp\/v2\/types\/post"}],"author":[{"embeddable":true,"href":"https:\/\/www.studiogera.de\/001\/wp-json\/wp\/v2\/users\/2"}],"replies":[{"embeddable":true,"href":"https:\/\/www.studiogera.de\/001\/wp-json\/wp\/v2\/comments?post=12608"}],"version-history":[{"count":3,"href":"https:\/\/www.studiogera.de\/001\/wp-json\/wp\/v2\/posts\/12608\/revisions"}],"predecessor-version":[{"id":12619,"href":"https:\/\/www.studiogera.de\/001\/wp-json\/wp\/v2\/posts\/12608\/revisions\/12619"}],"wp:featuredmedia":[{"embeddable":true,"href":"https:\/\/www.studiogera.de\/001\/wp-json\/wp\/v2\/media\/11045"}],"wp:attachment":[{"href":"https:\/\/www.studiogera.de\/001\/wp-json\/wp\/v2\/media?parent=12608"}],"wp:term":[{"taxonomy":"category","embeddable":true,"href":"https:\/\/www.studiogera.de\/001\/wp-json\/wp\/v2\/categories?post=12608"},{"taxonomy":"post_tag","embeddable":true,"href":"https:\/\/www.studiogera.de\/001\/wp-json\/wp\/v2\/tags?post=12608"}],"curies":[{"name":"wp","href":"https:\/\/api.w.org\/{rel}","templated":true}]}}