{"id":12610,"date":"2020-09-18T18:15:33","date_gmt":"2020-09-18T16:15:33","guid":{"rendered":"http:\/\/www.studiogera.de\/001\/?p=12610"},"modified":"2020-09-18T18:15:34","modified_gmt":"2020-09-18T16:15:34","slug":"schueler-engagieren-sich-fuer-ihre-stadt","status":"publish","type":"post","link":"https:\/\/www.studiogera.de\/001\/2020\/09\/18\/schueler-engagieren-sich-fuer-ihre-stadt\/","title":{"rendered":"SCH\u00dcLER ENGAGIEREN SICH F\u00dcR IHRE STADT"},"content":{"rendered":"\n<p>Geras Oberb\u00fcrgermeister begr\u00fc\u00dfte am 17. September 80 Jungen und M\u00e4dchen der Entdecker-Gemeinschaftsschule beim 13. Sch\u00fclerfreiwilligentag im Hofwiesenpark. Gemeinsam befreiten sie eine Fl\u00e4che im Park von M\u00fcll und reaktivierten Bl\u00fchwiesen sowie die Flora und Fauna der Elster. Ziel des Sch\u00fclerfreiwilligentages ist es, junge Menschen f\u00fcr das Ehrenamt zu begeistern und ihnen das Gef\u00fchl zu vermitteln, etwas Gutes f\u00fcr die Stadt zu tun. Der Oberb\u00fcrgermeister bedankte sich f\u00fcr den Einsatz der Zweit- und Drittkl\u00e4ssler und hofft auf viele Nachahmer. F\u00fcnf weitere Sch\u00fclerinnen und Sch\u00fcler n\u00e4hten zudem im Demokratischen Frauenbund Herzkissen f\u00fcr das SRH-Waldklinikum.<\/p>\n\n\n\n<p>QUELLE: STADTVERWALTUNG<\/p>\n","protected":false},"excerpt":{"rendered":"<div class=\"mh-excerpt\"><p>Geras Oberb\u00fcrgermeister begr\u00fc\u00dfte am 17. September 80 Jungen und M\u00e4dchen der Entdecker-Gemeinschaftsschule beim 13. Sch\u00fclerfreiwilligentag im Hofwiesenpark. Gemeinsam befreiten sie eine Fl\u00e4che im Park von M\u00fcll und reaktivierten Bl\u00fchwiesen sowie die Flora und Fauna der <a class=\"mh-excerpt-more\" href=\"https:\/\/www.studiogera.de\/001\/2020\/09\/18\/schueler-engagieren-sich-fuer-ihre-stadt\/\" title=\"SCH\u00dcLER ENGAGIEREN SICH F\u00dcR IHRE STADT\">[&#8230;]<\/a><\/p>\n<\/div>","protected":false},"author":2,"featured_media":12611,"comment_status":"open","ping_status":"open","sticky":false,"template":"","format":"standard","meta":{"footnotes":""},"categories":[8],"tags":[],"class_list":{"0":"post-12610","1":"post","2":"type-post","3":"status-publish","4":"format-standard","5":"has-post-thumbnail","7":"category-kultur"},"_links":{"self":[{"href":"https:\/\/www.studiogera.de\/001\/wp-json\/wp\/v2\/posts\/12610","targetHints":{"allow":["GET"]}}],"collection":[{"href":"https:\/\/www.studiogera.de\/001\/wp-json\/wp\/v2\/posts"}],"about":[{"href":"https:\/\/www.studiogera.de\/001\/wp-json\/wp\/v2\/types\/post"}],"author":[{"embeddable":true,"href":"https:\/\/www.studiogera.de\/001\/wp-json\/wp\/v2\/users\/2"}],"replies":[{"embeddable":true,"href":"https:\/\/www.studiogera.de\/001\/wp-json\/wp\/v2\/comments?post=12610"}],"version-history":[{"count":1,"href":"https:\/\/www.studiogera.de\/001\/wp-json\/wp\/v2\/posts\/12610\/revisions"}],"predecessor-version":[{"id":12612,"href":"https:\/\/www.studiogera.de\/001\/wp-json\/wp\/v2\/posts\/12610\/revisions\/12612"}],"wp:featuredmedia":[{"embeddable":true,"href":"https:\/\/www.studiogera.de\/001\/wp-json\/wp\/v2\/media\/12611"}],"wp:attachment":[{"href":"https:\/\/www.studiogera.de\/001\/wp-json\/wp\/v2\/media?parent=12610"}],"wp:term":[{"taxonomy":"category","embeddable":true,"href":"https:\/\/www.studiogera.de\/001\/wp-json\/wp\/v2\/categories?post=12610"},{"taxonomy":"post_tag","embeddable":true,"href":"https:\/\/www.studiogera.de\/001\/wp-json\/wp\/v2\/tags?post=12610"}],"curies":[{"name":"wp","href":"https:\/\/api.w.org\/{rel}","templated":true}]}}