{"id":12613,"date":"2020-09-18T18:44:31","date_gmt":"2020-09-18T16:44:31","guid":{"rendered":"http:\/\/www.studiogera.de\/001\/?p=12613"},"modified":"2020-09-18T18:44:32","modified_gmt":"2020-09-18T16:44:32","slug":"mehrere-gvb-niederflurwagen-nicht-einsatzfaehig","status":"publish","type":"post","link":"https:\/\/www.studiogera.de\/001\/2020\/09\/18\/mehrere-gvb-niederflurwagen-nicht-einsatzfaehig\/","title":{"rendered":"MEHRERE GVB-NIEDERFLURWAGEN NICHT EINSATZF\u00c4HIG"},"content":{"rendered":"\n<p>Auf der Stra\u00dfenbahnlinie 3 zwischen Bieblach-Ost und Lusan\/Zeulsdorf ist vom 21. bis 25. September 2020 mit einem eingeschr\u00e4nkt barrierefreiem Fahrtenangebot zur rechnen, teilt der Verkehrsbetrieb mit. Demnach soll es alle 40 Minuten eine barrierefreie Fahrt im besagten Zeitraum geben.<\/p>\n\n\n\n<p>Grund f\u00fcr diese Einschr\u00e4nkung sind mehrere unverschuldete Verkehrsunf\u00e4lle, zu denen es in den letzten Wochen mit Niederflurfahrzeugen des Typs NGT8G gekommen war. Am Morgen des 8. September kollidierte ein LKW an der Heinrichsbr\u00fccke mit dem Wagen 211. Der Schaden an letzterem bel\u00e4uft sich auf rund 300&#8217;000 Euro. Erst in einem halben Jahr wird dieser wieder einsatzf\u00e4hig sein. Am 18. September ereignete sich ein weiterer Unfall. Wagen 209 stie\u00df gegen 11.37 Uhr im Bereich der Kreuzung N\u00fcrnberger Stra\u00dfe\/Zeulenrodaer Stra\u00dfe mit einem Transporter zusammen, der die Vorfahrt missachtet hatte. Infolge der Unf\u00e4lle sind nun mehrere Niederflurfahrzeuge des Typs Typ NGT8G nicht einsatzf\u00e4hig und mussten daher zeitweilig au\u00dfer Betrieb genommen werden. Nach gegenw\u00e4rtigem Stand werden aber keine Fahrten ausfallen.<\/p>\n\n\n\n<p>Der Geraer Verkehrsbetrieb besitzt folgende Niederflurfahrzeuge des Typs NGT8G:<\/p>\n\n\n\n<p>201 \u2014 Inbetriebnahme 5. Oktober 2006<br>202 \u2014 Inbetriebnahme 5. Oktober 2006<br>203 \u2014 Inbetriebnahme 20. Oktober 2006<br>204 \u2014 Inbetriebnahme 20. Oktober 2006<br>205 \u2014 Inbetriebnahme 1. November 2006<br>206 \u2014 Inbetriebnahme 27. November 2006<br>207 \u2014 Inbetriebnahme 21. Januar 2008<br>208 \u2014 Inbetriebnahme 7. Februar 2008<br>209 \u2014 Inbetriebnahme 27. Februar 2008<br>210 \u2014 Inbetriebnahme 7. M\u00e4rz 2008<br>211 \u2014 Inbetriebnahme 18. M\u00e4rz 2008<br>212 \u2014 Inbetriebnahme 10. April 2008<\/p>\n","protected":false},"excerpt":{"rendered":"<div class=\"mh-excerpt\"><p>Auf der Stra\u00dfenbahnlinie 3 zwischen Bieblach-Ost und Lusan\/Zeulsdorf ist vom 21. bis 25. September 2020 mit einem eingeschr\u00e4nkt barrierefreiem Fahrtenangebot zur rechnen, teilt der Verkehrsbetrieb mit. Demnach soll es alle 40 Minuten eine barrierefreie Fahrt <a class=\"mh-excerpt-more\" href=\"https:\/\/www.studiogera.de\/001\/2020\/09\/18\/mehrere-gvb-niederflurwagen-nicht-einsatzfaehig\/\" title=\"MEHRERE GVB-NIEDERFLURWAGEN NICHT EINSATZF\u00c4HIG\">[&#8230;]<\/a><\/p>\n<\/div>","protected":false},"author":2,"featured_media":10904,"comment_status":"open","ping_status":"open","sticky":false,"template":"","format":"standard","meta":{"footnotes":""},"categories":[3],"tags":[],"class_list":{"0":"post-12613","1":"post","2":"type-post","3":"status-publish","4":"format-standard","5":"has-post-thumbnail","7":"category-lokal"},"_links":{"self":[{"href":"https:\/\/www.studiogera.de\/001\/wp-json\/wp\/v2\/posts\/12613","targetHints":{"allow":["GET"]}}],"collection":[{"href":"https:\/\/www.studiogera.de\/001\/wp-json\/wp\/v2\/posts"}],"about":[{"href":"https:\/\/www.studiogera.de\/001\/wp-json\/wp\/v2\/types\/post"}],"author":[{"embeddable":true,"href":"https:\/\/www.studiogera.de\/001\/wp-json\/wp\/v2\/users\/2"}],"replies":[{"embeddable":true,"href":"https:\/\/www.studiogera.de\/001\/wp-json\/wp\/v2\/comments?post=12613"}],"version-history":[{"count":1,"href":"https:\/\/www.studiogera.de\/001\/wp-json\/wp\/v2\/posts\/12613\/revisions"}],"predecessor-version":[{"id":12614,"href":"https:\/\/www.studiogera.de\/001\/wp-json\/wp\/v2\/posts\/12613\/revisions\/12614"}],"wp:featuredmedia":[{"embeddable":true,"href":"https:\/\/www.studiogera.de\/001\/wp-json\/wp\/v2\/media\/10904"}],"wp:attachment":[{"href":"https:\/\/www.studiogera.de\/001\/wp-json\/wp\/v2\/media?parent=12613"}],"wp:term":[{"taxonomy":"category","embeddable":true,"href":"https:\/\/www.studiogera.de\/001\/wp-json\/wp\/v2\/categories?post=12613"},{"taxonomy":"post_tag","embeddable":true,"href":"https:\/\/www.studiogera.de\/001\/wp-json\/wp\/v2\/tags?post=12613"}],"curies":[{"name":"wp","href":"https:\/\/api.w.org\/{rel}","templated":true}]}}