{"id":12657,"date":"2020-09-23T10:56:09","date_gmt":"2020-09-23T08:56:09","guid":{"rendered":"http:\/\/www.studiogera.de\/001\/?p=12657"},"modified":"2020-09-23T10:56:10","modified_gmt":"2020-09-23T08:56:10","slug":"foyerkonzert-oblivion-im-geraer-theater","status":"publish","type":"post","link":"https:\/\/www.studiogera.de\/001\/2020\/09\/23\/foyerkonzert-oblivion-im-geraer-theater\/","title":{"rendered":"FOYERKONZERT \u201eOBLIVION\u201c IM GERAER THEATER"},"content":{"rendered":"\n<p>Mit schwungvoller lateinamerikanischer Musik er\u00f6ffnet das 277. Foyerkonzert die Reihe der Foyerkonzerte der Spielzeit 2020\/2021. im Geraer Konzertsaal musizieren am Sonntag, den 27. September um 11 Uhr Anne Preu\u00df (Gesang), Anne-Sophie K\u00fchne (Violine), Johannes Neupert (Violine), Miguel Angel Lucas Lorenzo (Viola), Jes\u00fas Antonio Clavijo Rojas (Violoncello), Felix Raddatz (Kontrabass), Karin M\u00fcller (Akkordeon) und Ji Woo Lee (Klavier). In diesem Konzert begeben sich die Musiker gemeinsam mit dem Publikum auf eine Reise durch Lateinamerika. So erklingen unter anderem die St\u00fccke \u201eYendo\u201c und \u201eJugadeta\u201c f\u00fcr Klavier und Streichquartett des Argentiniers Gerardo Di Giusto, die mit ihren leichten und schwungvollen Rhythmen Lust aufs Tangotanzen machen. Mit Pedro Flores\u2018 \u201eObsesi\u00f3n\u201c kommt auch der kubanische Bolero nicht zu kurz. Nat\u00fcrlich darf auch Musik von dem Tangomeister Astor Piazzolla nicht fehlen.<\/p>\n\n\n\n<p>Die Tageskasse \u00f6ffnet um 10.30 Uhr im Foyer des Theaters. <\/p>\n\n\n\n<p>Eintrittskarten sind an der Theaterkasse erh\u00e4ltlich. Diese k\u00f6nnen telefonisch unter der Rufnummer 0365 8279105 bzw. 03447 585160 sowie \u00fcber www.theater-altenburg-gera.de reserviert werden. Wegen der erforderlichen Erfassung von Kontaktdaten ist derzeit kein Kartenverkauf \u00fcber externe Vorverkaufsstellen m\u00f6glich. Es gelten die bekannten Corona-Regeln.<\/p>\n\n\n\n<p>QUELLE: THEATER ALTENBURG GERA GGMBH<\/p>\n","protected":false},"excerpt":{"rendered":"<div class=\"mh-excerpt\"><p>Mit schwungvoller lateinamerikanischer Musik er\u00f6ffnet das 277. Foyerkonzert die Reihe der Foyerkonzerte der Spielzeit 2020\/2021. im Geraer Konzertsaal musizieren am Sonntag, den 27. September um 11 Uhr Anne Preu\u00df (Gesang), Anne-Sophie K\u00fchne (Violine), Johannes Neupert <a class=\"mh-excerpt-more\" href=\"https:\/\/www.studiogera.de\/001\/2020\/09\/23\/foyerkonzert-oblivion-im-geraer-theater\/\" title=\"FOYERKONZERT \u201eOBLIVION\u201c IM GERAER THEATER\">[&#8230;]<\/a><\/p>\n<\/div>","protected":false},"author":2,"featured_media":12658,"comment_status":"open","ping_status":"open","sticky":false,"template":"","format":"standard","meta":{"footnotes":""},"categories":[15],"tags":[],"class_list":{"0":"post-12657","1":"post","2":"type-post","3":"status-publish","4":"format-standard","5":"has-post-thumbnail","7":"category-theater"},"_links":{"self":[{"href":"https:\/\/www.studiogera.de\/001\/wp-json\/wp\/v2\/posts\/12657","targetHints":{"allow":["GET"]}}],"collection":[{"href":"https:\/\/www.studiogera.de\/001\/wp-json\/wp\/v2\/posts"}],"about":[{"href":"https:\/\/www.studiogera.de\/001\/wp-json\/wp\/v2\/types\/post"}],"author":[{"embeddable":true,"href":"https:\/\/www.studiogera.de\/001\/wp-json\/wp\/v2\/users\/2"}],"replies":[{"embeddable":true,"href":"https:\/\/www.studiogera.de\/001\/wp-json\/wp\/v2\/comments?post=12657"}],"version-history":[{"count":1,"href":"https:\/\/www.studiogera.de\/001\/wp-json\/wp\/v2\/posts\/12657\/revisions"}],"predecessor-version":[{"id":12659,"href":"https:\/\/www.studiogera.de\/001\/wp-json\/wp\/v2\/posts\/12657\/revisions\/12659"}],"wp:featuredmedia":[{"embeddable":true,"href":"https:\/\/www.studiogera.de\/001\/wp-json\/wp\/v2\/media\/12658"}],"wp:attachment":[{"href":"https:\/\/www.studiogera.de\/001\/wp-json\/wp\/v2\/media?parent=12657"}],"wp:term":[{"taxonomy":"category","embeddable":true,"href":"https:\/\/www.studiogera.de\/001\/wp-json\/wp\/v2\/categories?post=12657"},{"taxonomy":"post_tag","embeddable":true,"href":"https:\/\/www.studiogera.de\/001\/wp-json\/wp\/v2\/tags?post=12657"}],"curies":[{"name":"wp","href":"https:\/\/api.w.org\/{rel}","templated":true}]}}