{"id":12676,"date":"2020-09-24T09:30:03","date_gmt":"2020-09-24T07:30:03","guid":{"rendered":"http:\/\/www.studiogera.de\/001\/?p=12676"},"modified":"2020-09-24T09:30:05","modified_gmt":"2020-09-24T07:30:05","slug":"interkulturelle-woche-vom-22-september-bis-4-oktober","status":"publish","type":"post","link":"https:\/\/www.studiogera.de\/001\/2020\/09\/24\/interkulturelle-woche-vom-22-september-bis-4-oktober\/","title":{"rendered":"INTERKULTURELLE WOCHE VOM 22. SEPTEMBER BIS 4. OKTOBER"},"content":{"rendered":"\n<p>Am Dienstag, den 22. September 2020, beginnt die Interkulturelle Woche (IKW), die in diesem Jahr nicht nur der Corona-Situation, trotzt sondern auch l\u00e4nger andauert, als es der Name vermuten l\u00e4sst. Vielf\u00e4ltige Angebote, ob online oder analog, das Fest der Kulturen oder auch die Interkulturelle Berufewoche an der SBH finden bis zum 4. Oktober 2020 statt. \u201eIch freue mich, dass wir die Tradition dieser Veranstaltungsreihe aufrecht erhalten k\u00f6nnen und dass wir die Interkulturelle Woche, wenn auch unter erschwerten Bedingungen, durchf\u00fchren k\u00f6nnen\u201c, sagt die Migrations- und Integrationsbeauftragte der Stadt Gera, Nicole Landmann.<\/p>\n\n\n\n<p>Die IKW beginnt mit den Angeboten des Demokratischen Frauenbundes. Am 22. September 2020 begann ein Lichtbildervortrag \u201eSch\u00f6nheit vor dem Krieg \u2013 Hochkulturen zwischen Mittelmeer und Euphrat\u201c mit begrenzter Teilnehmerzahl.<\/p>\n\n\n\n<p>Am 24. September geht es dann mit dem Thementag \u201eFrauenmigration global und in Deutschland\u201c weiter. Neben einem abwechslungsreichen Programm erwarten Besucher interessante Vortr\u00e4ge und Diskussionen zu \u201eGewalt gegen Frauen als Ausdruck eines Macht- und Abh\u00e4ngigkeitsverh\u00e4ltnisses. Was kann die Istanbul-Konvention bewirken?\u201c oder auch zu \u201eDeutschland f\u00fcr Migrantinnen \u2013 Chance oder Illusion?\u201c<\/p>\n\n\n\n<p>Die offizielle Auftaktveranstaltung sollte eigentlich in diesem Jahr im Hofwiesenpark als Fest der Kulturen am 26. September 2020 stattfinden. Aufgrund der schlechten Wetterprognose wurde das Fest als Abschlussveranstaltung auf den 3. Oktober 2020 verschoben. Es werden Nationalit\u00e4tenst\u00e4nde und kulinarische Kostproben, Bastel- und Spielangebote f\u00fcr Kinder sowie Informations- und Mitmachangebote zu finden sein.<\/p>\n\n\n\n<p>Am Sonntag, 27. September 2020, geht es dann weiter mit der Veranstaltung \u201ePortraitserien \u2013 Wachsen lassen \u2013 Ein Blick in Geras Gesichter\u201c. Im Aktionszeitraum f\u00fchrt der Kreisverband der Geraer Gr\u00fcnen eine \u00f6ffentliche Fotoausstellung sowie Themenabende in der Gesch\u00e4ftsstelle in der Heinrichstra\u00dfe 50 durch.<\/p>\n\n\n\n<p>Eine Netz-Veranstaltung zum Thema Rassismus und Diskriminierung ist auch geplant Einblick und Ausblick der Enquete Rassismus und Diskriminierung in Th\u00fcringen. wird am 28. September 2020 durchgef\u00fchrt. Dr. Janine Dieckmann wird auf die Hintergr\u00fcnde, die Arbeitsweise und die Ergebnisse der Enquete-Kommission eingehen und diese vorstellen. In einem zweiten Teil schlie\u00dft sich eine kritisch analytische Perspektive auf die Wirkung von Enquetekommissionen und Handlungsempfehlungen an. Ort: Onlineformat, Die Anmeldung ist unter www.thadine.de m\u00f6glich.<\/p>\n\n\n\n<p>Am gleichen Tag beginnt die Intercultural Career Week bei der SBH S\u00fcdost in der Erfurtstra\u00dfe 10. Eine ganze Woche lang gibt es hier Angebote und Informationen rund um die Erwerbsintegration vom Fachkr\u00e4fteeinwanderungsgesetz bis zum Azubi-Speed-Dating.<br>Ein Vortrag \u201eStreitpunkt Asyl\u201c zur historischen Entwicklung des Asylrechts folgt dann am Dienstag, den 29. September, in der Volkshochschule Gera.<\/p>\n\n\n\n<p>Mit einem multikulturellen Kaffeeklatsch von THINKA Gera und Integrationswerkstatt der OTEGAU in der Lusaner Stra\u00dfe 7 geht es am Mittwoch weiter. Die Veranstalter stellen die Zeitschrift \u201enig\u201c vor, bieten die M\u00f6glichkeit, landes\u00fcbliche Speisen zu verkosten und f\u00fchren eine Tauschb\u00f6rse im gem\u00fctlichen Rahmen durch.<\/p>\n\n\n\n<p>Am Abend veranstaltet der Interkulturelle Verein Gera e. V. in Kooperation mit der Volkshochschule \u201eAenne Biermann\u201c Gera einen Informations- und Begegnungsabend \u201eDie Jesiden \u2013 Leben, Kultur und Religion\u201c in der Volkshochschule.<\/p>\n\n\n\n<p>Am 1. Oktober ist das Netzformat \u201eRassistisch sind immer die anderen \u2013 Ist Demokratiebildung automatisch rassismuskritisch?\u201c angedacht.<br>Demokratiebildung strebt die Ausbildung demokratischer Kompetenzen an. Die TeilnehmerInnen werden u.a. aufgefordert, ihre Annahmen kritisch zu hinterfragen, die Bed\u00fcrfnisse anderer in den Blick zu nehmen. Im Seminar wird auch gefragt, ob eine rassismuskritische Demokratiebildung gelingen kann. Die Anmeldung ist unter www.thadine.de m\u00f6glich.<\/p>\n\n\n\n<p>Eine Tradition in der Interkulturellen Woche ist der Tag der offenen Moschee am 2. Oktober. Besucher haben in der Christian-Schmidt-Stra\u00dfe die M\u00f6glichkeit, an einem Gebet teilzunehmen und im Anschluss Fragen zur Moschee und zum Islam zu stellen.<\/p>\n\n\n\n<p>\u201eDie Interkulturelle Woche bietet den idealen Rahmen, um eine Produktive Beziehung des gegenseitigen Austauschs zwischen fremder und eigener Kultur zu f\u00f6rdern. Wichtige Voraussetzung daf\u00fcr, dass ein so gestaltetes Miteinander gelingen kann, sind Neugier und die Bereitschaft zur Begegnung\u201c, betont Oberb\u00fcrgermeister Julian Vonarb in seinem Gru\u00dfwort im Veranstaltungsflyer. Dieser ist unter www.gera.de zu finden.<\/p>\n\n\n\n<p>VERANSTALTUNGEN<\/p>\n\n\n\n<p><strong>Dienstag, 22. September 2020, 14 Uhr<\/strong><br>Lichtbildervortrag \u201eSch\u00f6nheit vor dem Krieg \u2013 Hochkulturen zwischen Mittelmeer und Euphrat\u201c, begrenzte Teilnehmerzahl.<br>Ort: Heinrichstra\u00dfe 38<br>Veranstalter: Demokratischer Frauenbund LV Th\u00fcr. e. V., Frauenkommunikationszentrum<\/p>\n\n\n\n<p><strong>Donnerstag, 24. September 2020, 10 Uhr bis 14 Uhr<\/strong><br>Thementag \u201eFrauenmigration global und in Deutschland\u201c<br>Neben einem abwechslungsreichen Programm von Kreativ-Kursen, M\u00e4rchenlesungen und Wunschmusik von Ralf Dietsch erwarten Besucher interessante Vortr\u00e4ge und Diskussionen:<br>\u201eGewalt gegen Frauen als Ausdruck eines Macht- und Abh\u00e4ngigkeitsverh\u00e4ltnisses. Was kann die Istanbul-Konvention bewirken?\u201c, Referentin: Brigitte Triems (ehemalige Pr\u00e4sidentin der Europ\u00e4ischen Frauenlobby EWL, Br\u00fcssel.)<br>\u201eDeutschland f\u00fcr Migrantinnen \u2013 Chance oder Illusion?\u201c, Referentin: B. Bojarra- Schatzabel<br>Ort: Heinrichstra\u00dfe 38<br>Veranstalter: Demokratischer Frauenbund LV Th\u00fcr. e.V. ,Frauenkommunikationszentrum mit der Unterst\u00fctzung von der Th\u00fcringer Beauftragten f\u00fcr Migration, f\u00fcr Integration, Migration und Fl\u00fcchtlinge.<\/p>\n\n\n\n<p><strong>Sonntag, 27. September 2020 bis 4. Oktober 2020<\/strong><br>Portraitserien \u201eWachsen lassen \u2013 Ein Blick in Geras Gesichter\u201c<br>Im Aktionszeitraum f\u00fchrt der Kreisverband der Geraer Gr\u00fcnen eine \u00f6ffentliche Fotografieausstellung sowie Themenabende in der Gesch\u00e4ftsstelle durch. Details und Termine sind unter www.gruene-gera.de zu finden.<br>Ort: Heinrichstra\u00dfe 50<br>Veranstalter: B\u00fcndnis 90\/Die Gr\u00fcnen, Anna-Katharina Frank als Kreissprecherin der Geraer Gr\u00fcnen<\/p>\n\n\n\n<p><strong>Montag den 28. September 2020, 16 Uhr<\/strong><br>Veranstaltung \u201eEinblick und Ausblick der Enquete Rassismus und Diskriminierung in Th\u00fcringen\u201c<br>Dr. Janine Dieckmann wird auf die Hintergr\u00fcnde, die Arbeitsweise und die Ergebnisse der Enquete-Kommission eingehen und diese vorstellen.<br>In einem zweiten Teil schlie\u00dft sich eine kritisch analytische Perspektive auf die Wirkung von Enquetekommissionen und Handlungsempfehlungen an.<br>Ort: Onlineformat, Anmeldung unter www.thadine.de<br>Veranstalter: Th\u00fcringer Antidiskriminierungsnetzwerk<\/p>\n\n\n\n<p><strong>Dienstag, 29. September 2020, 17 Uhr bis 19.15 Uhr<\/strong><br>Vortrag \u2013 Streitpunkt Asyl<br>Der Vortrag beschreibt die historische Entwicklung des Asylrechts.<br>Ort: Volkshochschule \u201eAenne Biermann\u201c Gera, Talstra\u00dfe 3<br>Veranstalter: Migrations- und Integrationsbeauftragte Gera und Volkshochschule \u201eAenne Biermann\u201c Gera<\/p>\n\n\n\n<p><strong>Mittwoch, 30. September 2020, 13.30 Uhr<\/strong><br>Multikultureller Kaffeeklatsch &#8211; Die Veranstaltung bietet eine Plattform die Zeitschrift \u201enig\u201c vorzustellen, eine Verkostung verschiedener landes\u00fcblicher Speisen sowie die Durchf\u00fchrung einer Tauschb\u00f6rse im gem\u00fctlichen Rahmen.<br>Ort: Remise der OTEGAU, Lusaner Stra\u00dfe 7.<br>Veranstalter: THINKA Gera und Integrationswerkstatt der OTEGAU<\/p>\n\n\n\n<p><strong>Mittwoch, 30. September 2020, 18 Uhr bis 19.30 Uhr<\/strong><br>Informations- und Begegnungsabend \u201eDie Jesiden \u2013 Leben, Kultur und Religion\u201c<br>Ort: Volkshochschule \u201eAenne Biermann\u201c Gera, Talstra\u00dfe 3<br>Veranstalter: Interkultureller Verein Gera e.V. in Kooperation mit der Volkshochschule \u201eAenne Biermann\u201c Gera<\/p>\n\n\n\n<p><strong>Donnerstag, 1. Oktober 2020, 9 Uhr bis 12.30 Uhr<\/strong><br>Seminar \u201eRassistisch sind immer die anderen \u2013 Ist Demokratiebildung automatisch rassismuskritisch?\u201c<br>Demokratiebildung strebt die Ausbildung demokratischer Kompetenzen an. Die Teilnehmer werden u. a. aufgefordert, ihre Annahmen kritisch zu hinterfragen, die Bed\u00fcrfnisse anderer in den Blick zu nehmen. Im Seminar wird auch gefragt, ob eine rassismuskritische Demokratiebildung gelingen kann.<br>Ort: Onlineformat, Anmeldung unter www.thadine.de<br>Veranstalter: Th\u00fcringer Antidiskriminierungsnetzwerk<\/p>\n\n\n\n<p><strong>Freitag, 2. Oktober 2020, 14 Uhr<\/strong><br>Tag der offenen Moschee am Sachsenplatz 9<br>Veranstalter: Moscheeverein Gera e. V.<\/p>\n\n\n\n<p><strong>Samstag, 3. Oktober 2020, 14 Uhr bis 19 Uhr<\/strong><br>Gera bunt \u2013 Fest der Kulturen<br>Auftaktveranstaltung der Interkulturellen Woche mit Nationalit\u00e4tenst\u00e4nden und kulinarischen Kostproben, Bastel- und Spielangebote f\u00fcr Kinder sowie Informations- und Mitmachangeboten der Mitglieder des Netzwerkes Integration Gera.<br>Ort: Veranstaltungsoval Hofwiesenpark<br>Veranstalter: Interkulturelle Verein Gera e. V. mit dem Netzwerk Integration<\/p>\n","protected":false},"excerpt":{"rendered":"<div class=\"mh-excerpt\"><p>Am Dienstag, den 22. September 2020, beginnt die Interkulturelle Woche (IKW), die in diesem Jahr nicht nur der Corona-Situation, trotzt sondern auch l\u00e4nger andauert, als es der Name vermuten l\u00e4sst. Vielf\u00e4ltige Angebote, ob online oder <a class=\"mh-excerpt-more\" href=\"https:\/\/www.studiogera.de\/001\/2020\/09\/24\/interkulturelle-woche-vom-22-september-bis-4-oktober\/\" title=\"INTERKULTURELLE WOCHE VOM 22. SEPTEMBER BIS 4. OKTOBER\">[&#8230;]<\/a><\/p>\n<\/div>","protected":false},"author":2,"featured_media":12677,"comment_status":"open","ping_status":"open","sticky":false,"template":"","format":"standard","meta":{"footnotes":""},"categories":[8],"tags":[],"class_list":{"0":"post-12676","1":"post","2":"type-post","3":"status-publish","4":"format-standard","5":"has-post-thumbnail","7":"category-kultur"},"_links":{"self":[{"href":"https:\/\/www.studiogera.de\/001\/wp-json\/wp\/v2\/posts\/12676","targetHints":{"allow":["GET"]}}],"collection":[{"href":"https:\/\/www.studiogera.de\/001\/wp-json\/wp\/v2\/posts"}],"about":[{"href":"https:\/\/www.studiogera.de\/001\/wp-json\/wp\/v2\/types\/post"}],"author":[{"embeddable":true,"href":"https:\/\/www.studiogera.de\/001\/wp-json\/wp\/v2\/users\/2"}],"replies":[{"embeddable":true,"href":"https:\/\/www.studiogera.de\/001\/wp-json\/wp\/v2\/comments?post=12676"}],"version-history":[{"count":1,"href":"https:\/\/www.studiogera.de\/001\/wp-json\/wp\/v2\/posts\/12676\/revisions"}],"predecessor-version":[{"id":12678,"href":"https:\/\/www.studiogera.de\/001\/wp-json\/wp\/v2\/posts\/12676\/revisions\/12678"}],"wp:featuredmedia":[{"embeddable":true,"href":"https:\/\/www.studiogera.de\/001\/wp-json\/wp\/v2\/media\/12677"}],"wp:attachment":[{"href":"https:\/\/www.studiogera.de\/001\/wp-json\/wp\/v2\/media?parent=12676"}],"wp:term":[{"taxonomy":"category","embeddable":true,"href":"https:\/\/www.studiogera.de\/001\/wp-json\/wp\/v2\/categories?post=12676"},{"taxonomy":"post_tag","embeddable":true,"href":"https:\/\/www.studiogera.de\/001\/wp-json\/wp\/v2\/tags?post=12676"}],"curies":[{"name":"wp","href":"https:\/\/api.w.org\/{rel}","templated":true}]}}