{"id":12679,"date":"2020-09-24T09:42:31","date_gmt":"2020-09-24T07:42:31","guid":{"rendered":"http:\/\/www.studiogera.de\/001\/?p=12679"},"modified":"2020-09-24T09:42:32","modified_gmt":"2020-09-24T07:42:32","slug":"musikalische-foerderung-fuer-die-kleinsten","status":"publish","type":"post","link":"https:\/\/www.studiogera.de\/001\/2020\/09\/24\/musikalische-foerderung-fuer-die-kleinsten\/","title":{"rendered":"MUSIKALISCHE F\u00d6RDERUNG F\u00dcR DIE KLEINSTEN"},"content":{"rendered":"\n<p><em>Die Heyge-Stiftung unterst\u00fctzt zwei Kindertagesst\u00e4tten in Gera mit 40&#8217;000 Euro.<\/em><\/p>\n\n\n\n<p>Die Heyge-Stiftung erm\u00f6glicht in diesem Jahr zwei Geraer Kinderg\u00e4rten die Teilnahme am \u201eWeimarer Mentoring-Programm \u2013 Gemeinschaft f\u00f6rdern, Potenziale st\u00e4rken mit Musik im Kindergarten\u201c. Das von der Stiftung eigens konzipierte und finanzierte Programm bietet Kindern und p\u00e4dagogischen Fachkr\u00e4ften die Chance, Musik ohne Leistungserwartungen aufzunehmen, selbst aktiv zu gestalten und von deren f\u00f6rdernder Wirkung zu profitieren.<br>In den Kindertragesst\u00e4tten \u201eKinderland\u201c (zu Volkssolidarit\u00e4t Kreisverband Gera e. V.) und \u201eHeinrichsstift\u201c (zu Evangelisch-Lutherischem Kirchenkreis Gera) werden insgesamt 228 Kinder im Alter von null bis sechs Jahren von 33 p\u00e4dagogischen Fachkr\u00e4ften betreut. Die Heyge-Stiftung finanziert das Vorhaben in Gera im Zeitraum 2020 bis 2022 mit 40&#8217;000 Euro.<br>\u201eDass mehr als 200 Jungen und M\u00e4dchen bald die Chance haben werden, von der Wirkung, die von Musik ausgeht, zu profitieren, finde ich gro\u00dfartig. Ich danke der Heyge-Stiftung von Herzen, dass sie es so vielen Geraer Kindern erm\u00f6glicht, an einer musikalischen Fr\u00fchf\u00f6rderung teilzunehmen. Denn was Musik kann und was Musik schafft, das k\u00f6nnen wir als Eltern oder P\u00e4dagogen gar nicht leisten\u201c, betont Oberb\u00fcrgermeister Julian Vonarb.<\/p>\n\n\n\n<p>Im Jahr 2020 beginnen insgesamt 14 Einrichtungen aus Th\u00fcringen (11), Sachsen (1), Niedersachsen (1) und Nordrhein-Westphalen (1) mit dem zweij\u00e4hrigen Programm (WMP). In den Kinderg\u00e4rten werden gut 1400 Kinder von 215 p\u00e4dagogischen Fachkr\u00e4ften betreut. Im Zeitraum 2014 bis 2019 konnte das Stifterehepaar Dr. Lorna und Herman Heyge bereits 24 Einrichtungen aus Th\u00fcringen, Hessen, Bayern und Nordrhein-Westfalen die Teilnahme am Weimarer Mentoring-Programm erm\u00f6glichen. Insgesamt hat die Stiftung bisher eine F\u00f6rdersumme in H\u00f6he von 500&#8217;000 Euro aufgebracht.<\/p>\n\n\n\n<p>Das Weimarer Mentoring-Programm\u2026<\/p>\n\n\n\n<ul class=\"wp-block-list\"><li>erm\u00f6glicht spielerisch eine ganzheitliche Entwicklungsf\u00f6rderung durch Musik als Methode, insbesondere in den Bereichen Sprache, Bewegung und sozial-emotionale Entwicklung<\/li><li>f\u00f6rdert Chancengleichheit f\u00fcr alle Kinder, unabh\u00e4ngig von Herkunft und\/oder sozialen Verh\u00e4ltnissen<\/li><li>l\u00e4dt zu positiven Gruppenerfahrungen ein und vertieft vertrauensvolle Beziehungen<\/li><li>erleichtert die Arbeit der p\u00e4dagogischen Fachkr\u00e4fte und st\u00e4rkt die Gruppe<\/li><li>schenkt freundvolle Erfahrungen von Musik als st\u00e4rkendem und verbindenden Tageselement.<\/li><li>ist leicht erlernbar, voraussetzungsfrei und enth\u00e4lt konkrete p\u00e4dagogische Ansatzpunkte und Praxisbeispiele<\/li><\/ul>\n\n\n\n<p>Die Heyge-Stiftung wurde 2013 von dem deutsch-amerikanischen Ehepaar Dr. Lorna und Hermann Heyge gegr\u00fcndet und ist eine gemeinn\u00fctzige Stiftung mit Sitz in Weimar. Anliegen der Stifter ist es, musikalische Erfahrungen, aktives Singen und Musizieren m\u00f6glichst vielen Menschen, insbesondere Kindern und Senioren, zu erm\u00f6glichen. Dabei liegt ihnen insbesondere die F\u00f6rderung und Unterst\u00fctzung des selbstt\u00e4tigen Musizierens am Herzen. Die international renommierte Musikp\u00e4dagogin Lorna Heyge widmet ihr Leben der musikalischen Fr\u00fcherziehung ist u. a. durch Musikgarten \u00ae bekannt geworden.<\/p>\n\n\n\n<p>Interessierte Einrichtungen\/Tr\u00e4ger k\u00f6nnen sich ab sofort f\u00fcr 2021 bewerben. Weitere Informationen finden sind unter www.weimarer-mentoring-programm.de zu finden.<\/p>\n\n\n\n<p>QUELLE: STADTVERWALTUNG<\/p>\n","protected":false},"excerpt":{"rendered":"<div class=\"mh-excerpt\"><p>Die Heyge-Stiftung unterst\u00fctzt zwei Kindertagesst\u00e4tten in Gera mit 40&#8217;000 Euro. Die Heyge-Stiftung erm\u00f6glicht in diesem Jahr zwei Geraer Kinderg\u00e4rten die Teilnahme am \u201eWeimarer Mentoring-Programm \u2013 Gemeinschaft f\u00f6rdern, Potenziale st\u00e4rken mit Musik im Kindergarten\u201c. Das von <a class=\"mh-excerpt-more\" href=\"https:\/\/www.studiogera.de\/001\/2020\/09\/24\/musikalische-foerderung-fuer-die-kleinsten\/\" title=\"MUSIKALISCHE F\u00d6RDERUNG F\u00dcR DIE KLEINSTEN\">[&#8230;]<\/a><\/p>\n<\/div>","protected":false},"author":2,"featured_media":12680,"comment_status":"open","ping_status":"open","sticky":false,"template":"","format":"standard","meta":{"footnotes":""},"categories":[8],"tags":[],"class_list":{"0":"post-12679","1":"post","2":"type-post","3":"status-publish","4":"format-standard","5":"has-post-thumbnail","7":"category-kultur"},"_links":{"self":[{"href":"https:\/\/www.studiogera.de\/001\/wp-json\/wp\/v2\/posts\/12679","targetHints":{"allow":["GET"]}}],"collection":[{"href":"https:\/\/www.studiogera.de\/001\/wp-json\/wp\/v2\/posts"}],"about":[{"href":"https:\/\/www.studiogera.de\/001\/wp-json\/wp\/v2\/types\/post"}],"author":[{"embeddable":true,"href":"https:\/\/www.studiogera.de\/001\/wp-json\/wp\/v2\/users\/2"}],"replies":[{"embeddable":true,"href":"https:\/\/www.studiogera.de\/001\/wp-json\/wp\/v2\/comments?post=12679"}],"version-history":[{"count":1,"href":"https:\/\/www.studiogera.de\/001\/wp-json\/wp\/v2\/posts\/12679\/revisions"}],"predecessor-version":[{"id":12681,"href":"https:\/\/www.studiogera.de\/001\/wp-json\/wp\/v2\/posts\/12679\/revisions\/12681"}],"wp:featuredmedia":[{"embeddable":true,"href":"https:\/\/www.studiogera.de\/001\/wp-json\/wp\/v2\/media\/12680"}],"wp:attachment":[{"href":"https:\/\/www.studiogera.de\/001\/wp-json\/wp\/v2\/media?parent=12679"}],"wp:term":[{"taxonomy":"category","embeddable":true,"href":"https:\/\/www.studiogera.de\/001\/wp-json\/wp\/v2\/categories?post=12679"},{"taxonomy":"post_tag","embeddable":true,"href":"https:\/\/www.studiogera.de\/001\/wp-json\/wp\/v2\/tags?post=12679"}],"curies":[{"name":"wp","href":"https:\/\/api.w.org\/{rel}","templated":true}]}}