{"id":12685,"date":"2020-09-24T15:01:00","date_gmt":"2020-09-24T13:01:00","guid":{"rendered":"http:\/\/www.studiogera.de\/001\/?p=12685"},"modified":"2020-09-25T00:04:23","modified_gmt":"2020-09-24T22:04:23","slug":"meldungen-der-stadtverwaltung-70","status":"publish","type":"post","link":"https:\/\/www.studiogera.de\/001\/2020\/09\/24\/meldungen-der-stadtverwaltung-70\/","title":{"rendered":"MELDUNGEN DER STADTVERWALTUNG"},"content":{"rendered":"\n<p>Anl\u00e4sslich der 135-Jahr-Feier zum Bestehen der neuen Kirche St. Johannis, welche am Freitag, den 18. September stattfand, gratulierte B\u00fcrgermeister Kurt Dannenberg in Vertretung des Oberb\u00fcrgermeisters Julian Vonarb und im Namen aller Geraer B\u00fcrgern. Dabei betonte er, dass die Kirche sowohl aus architektonischer als auch aus historischer Sicht f\u00fcr die Stadt von unsch\u00e4tzbarem Wert ist. Auch hob er die Bedeutung der Gemeindearbeit im Verbund mit St. Salvator und St. Trinitatis hervor und dankte all denjenigen, die mit gro\u00dfem Engagement das Gemeindeleben lenken und gestalten. Zum Abschluss unterstrich der B\u00fcrgermeister, dass es ein wichtiges Anliegen der Stadt Gera ist, das Kirchgeb\u00e4ude zu bewahren, indem die so dringend ben\u00f6tigten F\u00f6rdermittel f\u00fcr Sanierungs- und Modernisierungsma\u00dfnahmen baldm\u00f6glichst bereitgestellt werden.<\/p>\n\n\n\n<p>Aufgrund des I. Geraer Automobilmarktes wird der Hofwiesenparkplatz einschlie\u00dflich der Parkpl\u00e4tze entlang der Parkstra\u00dfe von Freitag, 25. September 2020, 18 Uhr bis Samstag, 26. September 2020, 20 Uhr, gesperrt, meldet das Verkehrsamt der Stadtverwaltung. Die Besucher des Automarktes werden daher gebeten die Parkh\u00e4user in der Innenstadt bzw. den \u00f6ffentlichen Personennahverkehr zu nutzen. Es wird ausdr\u00fccklich darauf hingewiesen, dass unmittelbar am Automarkt zum besagten Zeitpunkt keine Parkpl\u00e4tze zur Verf\u00fcgung stehen. Der Automobilmarkt wird er\u00f6ffnet am Samstag, den 26. September, 10 Uhr auf dem Hofwiesenparkplatz.<\/p>\n\n\n\n<p>Zur 127. Sitzung des Ausschusses f\u00fcr Wirtschaft und europ\u00e4ischen Binnenmarkt des Deutschen St\u00e4dtetages am 17. und 18. September hatte Geras Oberb\u00fcrgermeister, Julian Vonarb, die Mitglieder nach Ostth\u00fcringen eingeladen. Die Vertreter aus Berlin, M\u00fcnchen, N\u00fcrnberg, Dresden, Leipzig und weiteren St\u00e4dten tauschen sich an beiden Sitzungstagen unter anderem zu aktuellen energie- und strukturpolitischen Vorhaben aus und ziehen eine Zwischenbilanz zu den Wirtschaftshilfen in Corona-Zeiten.<\/p>\n\n\n\n<p>Die Tagesordnung zur Stadtratssitzung am 24. September 2020 wurde ge\u00e4ndert. Die Vorlage \u201eSatzung f\u00fcr das Jugendamt Gera\u201c (Drucksachen-Nr. 89\/2020) wurde zur\u00fcckgezogen. Somit bleibt der Tagesordnungspunkt 10 der \u00f6ffentlichen Sitzung unbesetzt. Sollten aufgrund der umfangreichen Tagesordnung an diesem Tag nicht alle Tagesordnungspunkte abschlie\u00dfend behandelt werden k\u00f6nnen, wird die Sitzung fortgesetzt am Freitag, den 25. September 2020, 17 Uhr im Saal des Kultur- und Kongresszentrums.<\/p>\n\n\n\n<p>Anl\u00e4sslich des Jahrestages zum Gedenken der Opfer der Schlacht um Arnheim sandte Gera auch in diesem Jahr Gr\u00fc\u00dfe in die niederl\u00e4ndische Partnerstadt. Dazu wurde mit Unterst\u00fctzung der Akteure der St\u00e4dtepartnerschaften ein Gedenkkranz vor Ort ausgew\u00e4hlt, der am 18. September niedergelegt wurde. Von einer pers\u00f6nlichen Teilnahme der Vertreter der Stadt an den Gedenkfeiern vor Ort sah man in diesem Jahr und aufgrund der derzeitigen Corona-Situation ab. Die Kranzgr\u00fc\u00dfe sollen nicht nur die Anteilnahme der Geraer B\u00fcrgerinnen und B\u00fcrger zum Ausdruck bringen, sondern sind zugleich Symbol einer gelebten St\u00e4dtepartnerschaft in Zeiten eingeschr\u00e4nkter pers\u00f6nlicher Begegnungen \u00fcber L\u00e4ndergrenzen hinaus. Geras niederl\u00e4ndische Partnerstadt Arnheim wurde im Zweiten Weltkrieg schwer zerst\u00f6rt. Die Schlacht um die Br\u00fccke von Arnheim im September 1944 gilt als eine der letzten Niederlagen der Alliierten. Sie waren im Rahmen der bis dahin erfolgreiche \u201eOperation Market Garden\u201c (17. bis 27. September 1944) am v\u00f6llig unerwarteten Widerstand der deutschen Truppen gescheitert. Nach der Schlacht zwang die deutsche Wehrmacht die damals 95&#8217;000 Einwohner, ihre Stadt zu verlassen. Viele Veranstaltungen zum diesj\u00e4hrigen Gedenktag sind in Arnheim nur eingeschr\u00e4nkt und in kleinem Rahmen sowie nur unter vorheriger Anmeldung m\u00f6glich. Daher werden die Gedenkfeiern f\u00fcr die B\u00fcrger der Stadt auf gro\u00dfen Bildschirmen live \u00fcbertragen und \u00fcber die lokalen Fernsehsender ausgestrahlt.<\/p>\n\n\n\n<p>Die Selbsthilfegruppe \u201eTrinkwasser\u201c der trockenen Alkoholiker trifft sich jeden Dienstag von 10 Uhr bis 11 Uhr in der in der Kontaktstelle f\u00fcr Selbsthilfegruppen der Ehrenamtszentrale, Kornmarkt 7 in Gera. Im Mittelpunkt des Gruppentreffens stehen der Erfahrungsaustausch aber auch die Bew\u00e4ltigung von Alltagsproblemen, ein besseres Miteinander sowie Arbeits- und Freizeitbesch\u00e4ftigung. Betroffene sind herzlich eingeladen. Weitere Informationen erhalten Sie unter der Rufnummer 0365 8383026.<\/p>\n\n\n\n<p>Am 8. Oktober 2020 findet von 10 Uhr bis 14 Uhr eine Beratung f\u00fcr Menschen mit Sehverlust in der Ehrenamtszentrale Gera, Kornmarkt 7, durch die KO Jena \u201eBlickpunkt Auge\u201c BPA Th\u00fcringen, statt. Zuk\u00fcnftig werden diese Beratungen jeden zweiten Donnerstag im Monat, von einer ausgebildeten Beraterin, zu folgenden Themen angeboten: Aufkl\u00e4rung \u00fcber Augenerkrankungen, Sozialrecht, Unterst\u00fctzung bei Widerspruchsverfahren, finanzielle Anspr\u00fcche, Hilfsmittelversorgung, berufliche Rehabilitation, Fr\u00fchf\u00f6rderung von Kindern, Alltags- und Behinderungsbew\u00e4ltigung sowie zur Freizeitgestaltung. Weitere Informationen erhalten Sie \u00fcber die Kontaktstelle f\u00fcr Selbsthilfegruppen unter der Rufnummer 0365 8383026.<\/p>\n","protected":false},"excerpt":{"rendered":"<div class=\"mh-excerpt\"><p>Anl\u00e4sslich der 135-Jahr-Feier zum Bestehen der neuen Kirche St. Johannis, welche am Freitag, den 18. September stattfand, gratulierte B\u00fcrgermeister Kurt Dannenberg in Vertretung des Oberb\u00fcrgermeisters Julian Vonarb und im Namen aller Geraer B\u00fcrgern. Dabei betonte <a class=\"mh-excerpt-more\" href=\"https:\/\/www.studiogera.de\/001\/2020\/09\/24\/meldungen-der-stadtverwaltung-70\/\" title=\"MELDUNGEN DER STADTVERWALTUNG\">[&#8230;]<\/a><\/p>\n<\/div>","protected":false},"author":2,"featured_media":12581,"comment_status":"open","ping_status":"open","sticky":false,"template":"","format":"standard","meta":{"footnotes":""},"categories":[16],"tags":[],"class_list":{"0":"post-12685","1":"post","2":"type-post","3":"status-publish","4":"format-standard","5":"has-post-thumbnail","7":"category-kurzmitteilungen"},"_links":{"self":[{"href":"https:\/\/www.studiogera.de\/001\/wp-json\/wp\/v2\/posts\/12685","targetHints":{"allow":["GET"]}}],"collection":[{"href":"https:\/\/www.studiogera.de\/001\/wp-json\/wp\/v2\/posts"}],"about":[{"href":"https:\/\/www.studiogera.de\/001\/wp-json\/wp\/v2\/types\/post"}],"author":[{"embeddable":true,"href":"https:\/\/www.studiogera.de\/001\/wp-json\/wp\/v2\/users\/2"}],"replies":[{"embeddable":true,"href":"https:\/\/www.studiogera.de\/001\/wp-json\/wp\/v2\/comments?post=12685"}],"version-history":[{"count":1,"href":"https:\/\/www.studiogera.de\/001\/wp-json\/wp\/v2\/posts\/12685\/revisions"}],"predecessor-version":[{"id":12686,"href":"https:\/\/www.studiogera.de\/001\/wp-json\/wp\/v2\/posts\/12685\/revisions\/12686"}],"wp:featuredmedia":[{"embeddable":true,"href":"https:\/\/www.studiogera.de\/001\/wp-json\/wp\/v2\/media\/12581"}],"wp:attachment":[{"href":"https:\/\/www.studiogera.de\/001\/wp-json\/wp\/v2\/media?parent=12685"}],"wp:term":[{"taxonomy":"category","embeddable":true,"href":"https:\/\/www.studiogera.de\/001\/wp-json\/wp\/v2\/categories?post=12685"},{"taxonomy":"post_tag","embeddable":true,"href":"https:\/\/www.studiogera.de\/001\/wp-json\/wp\/v2\/tags?post=12685"}],"curies":[{"name":"wp","href":"https:\/\/api.w.org\/{rel}","templated":true}]}}