{"id":12734,"date":"2020-09-30T00:40:12","date_gmt":"2020-09-29T22:40:12","guid":{"rendered":"http:\/\/www.studiogera.de\/001\/?p=12734"},"modified":"2020-09-30T00:40:13","modified_gmt":"2020-09-29T22:40:13","slug":"warnstreik-beim-gvb-am-29-september-2020","status":"publish","type":"post","link":"https:\/\/www.studiogera.de\/001\/2020\/09\/30\/warnstreik-beim-gvb-am-29-september-2020\/","title":{"rendered":"WARNSTREIK BEIM GVB AM 29. SEPTEMBER 2020"},"content":{"rendered":"\n<p>Am 29. September 2020 wurde auch der Geraer Verkehrsbetrieb bestreikt. Kurz nach Mitternacht zogen die Fahrer des Fr\u00fchdienstes ein Absperrband quer \u00fcber das aus dem Betriebshof f\u00fchrende Gleis, versehen mit einem Banner, um zu verhindern, dass Fahrzeuge das Gel\u00e4nde verlassen. Die von Seiten des Unternehmens benachrichtigte Polizei musste nicht eingreifen.<\/p>\n\n\n\n<figure class=\"wp-block-image size-large\"><img loading=\"lazy\" decoding=\"async\" width=\"600\" height=\"338\" src=\"http:\/\/www.studiogera.de\/001\/wp-content\/uploads\/2020\/09\/2020_203.jpg\" alt=\"\" class=\"wp-image-12726\" srcset=\"https:\/\/www.studiogera.de\/001\/wp-content\/uploads\/2020\/09\/2020_203.jpg 600w, https:\/\/www.studiogera.de\/001\/wp-content\/uploads\/2020\/09\/2020_203-300x169.jpg 300w\" sizes=\"auto, (max-width: 600px) 100vw, 600px\" \/><\/figure>\n\n\n\n<p>Die Streikenden kamen der Aufforderung nach, die Sperre zu beseitigen. Zuvor hatte die GVB-Leitung bereits darauf hingewiesen, dass eine Blockade der Ausfahrt auch w\u00e4hrend eines Streiks nicht statthaft ist.<\/p>\n\n\n\n<p>Kurz vor Betriebsbeginn um 3.45 Uhr wurden einige Stra\u00dfenbahnwagen r\u00fcckw\u00e4rts \u00fcber das Einfahrtsgleis herausrangiert. Denselben Weg nahmen auch zwei KOM. Die Fahrzeuge wurden von Arbeitern aus der Werkstatt gef\u00fchrt, w\u00e4hrend alle Fahrer der regul\u00e4ren Fr\u00fchschicht vor dem Betriebshof standen. Betrieben wurden die Linien 1, 3 und 17 mit sechs Stra\u00dfenbahnz\u00fcgen bzw. den zwei KOM im Rahmen eines Notfahrplanes. Die Linie 18 war nicht betroffen und verkehrte regul\u00e4r, ebenso die RVG-Fahrzeuge im Stadtgebiet. An dem Streik beteiligten sich 80 Angestellte.<\/p>\n\n\n\n<p>Nach knapp 13 Stunden wurde der Fahrbetrieb ab etwa 16 Uhr eingestellt. Alle Fahrer, die den Notbetrieb am 29. September 2020 erm\u00f6glicht h\u00e4tten, waren an die gesetzlichen Grenzen angelangt. Der Fahrbetrieb wird erst wieder am 30. September zum regul\u00e4ren Betriebsbeginn um 3.45 Uhr aufgenommen. Dann sollen alle Linien wieder wie gewohnt bedient werden.<\/p>\n\n\n\n<p>Die Vereinte Dienstleistungsgewektschaft rief deutschlandweit zu Warnstreiks auf, um die kommunalen Arbeitgeber zu Verhandlungen \u00fcber einen einheitlichen Rahmentarifvertrag zu bewegen. Zuvor hatte es die Vereinigung der kommunalen Arbeitgeber abgelehnt, mit der Gewerkschaft zu verhandeln. In Th\u00fcringen betraf der Streikaufruf die Unternehmen EVAG, GVB und die Jenaer Nahverkehr GmbH.<\/p>\n\n\n\n<p>Gefordert werden f\u00fcr die rund 87&#8217;000 \u00d6PNV-Besch\u00e4ftigten in Deutschland einheitliche Regelungen in Fragen wie Nachwuchsf\u00f6rderung, Entlastung sowie den Ausgleich von \u00dcberstunden und Zulagen f\u00fcr Schichtdienste. Dar\u00fcber hinaus soll die Ungleichbehandlung in den Bundesl\u00e4ndern beendet und zentrale Regelungen wie 30 Urlaubstage oder Sonderzahlungen k\u00fcnftig deutschlandweit vereinheitlicht werden. Mit einer Forderung f\u00fcr Auszubildende sollen Anreize zum Einstieg in den Beruf und zur Nachwuchsf\u00f6rderung geschaffen werden.<\/p>\n","protected":false},"excerpt":{"rendered":"<div class=\"mh-excerpt\"><p>Am 29. September 2020 wurde auch der Geraer Verkehrsbetrieb bestreikt. Kurz nach Mitternacht zogen die Fahrer des Fr\u00fchdienstes ein Absperrband quer \u00fcber das aus dem Betriebshof f\u00fchrende Gleis, versehen mit einem Banner, um zu verhindern, <a class=\"mh-excerpt-more\" href=\"https:\/\/www.studiogera.de\/001\/2020\/09\/30\/warnstreik-beim-gvb-am-29-september-2020\/\" title=\"WARNSTREIK BEIM GVB AM 29. SEPTEMBER 2020\">[&#8230;]<\/a><\/p>\n<\/div>","protected":false},"author":2,"featured_media":12735,"comment_status":"open","ping_status":"open","sticky":false,"template":"","format":"standard","meta":{"footnotes":""},"categories":[3],"tags":[],"class_list":{"0":"post-12734","1":"post","2":"type-post","3":"status-publish","4":"format-standard","5":"has-post-thumbnail","7":"category-lokal"},"_links":{"self":[{"href":"https:\/\/www.studiogera.de\/001\/wp-json\/wp\/v2\/posts\/12734","targetHints":{"allow":["GET"]}}],"collection":[{"href":"https:\/\/www.studiogera.de\/001\/wp-json\/wp\/v2\/posts"}],"about":[{"href":"https:\/\/www.studiogera.de\/001\/wp-json\/wp\/v2\/types\/post"}],"author":[{"embeddable":true,"href":"https:\/\/www.studiogera.de\/001\/wp-json\/wp\/v2\/users\/2"}],"replies":[{"embeddable":true,"href":"https:\/\/www.studiogera.de\/001\/wp-json\/wp\/v2\/comments?post=12734"}],"version-history":[{"count":3,"href":"https:\/\/www.studiogera.de\/001\/wp-json\/wp\/v2\/posts\/12734\/revisions"}],"predecessor-version":[{"id":12756,"href":"https:\/\/www.studiogera.de\/001\/wp-json\/wp\/v2\/posts\/12734\/revisions\/12756"}],"wp:featuredmedia":[{"embeddable":true,"href":"https:\/\/www.studiogera.de\/001\/wp-json\/wp\/v2\/media\/12735"}],"wp:attachment":[{"href":"https:\/\/www.studiogera.de\/001\/wp-json\/wp\/v2\/media?parent=12734"}],"wp:term":[{"taxonomy":"category","embeddable":true,"href":"https:\/\/www.studiogera.de\/001\/wp-json\/wp\/v2\/categories?post=12734"},{"taxonomy":"post_tag","embeddable":true,"href":"https:\/\/www.studiogera.de\/001\/wp-json\/wp\/v2\/tags?post=12734"}],"curies":[{"name":"wp","href":"https:\/\/api.w.org\/{rel}","templated":true}]}}