{"id":12743,"date":"2020-09-29T18:02:31","date_gmt":"2020-09-29T16:02:31","guid":{"rendered":"http:\/\/www.studiogera.de\/001\/?p=12743"},"modified":"2020-09-29T18:02:32","modified_gmt":"2020-09-29T16:02:32","slug":"gvb-fahrbetrieb-seit-16-uhr-eingestellt","status":"publish","type":"post","link":"https:\/\/www.studiogera.de\/001\/2020\/09\/29\/gvb-fahrbetrieb-seit-16-uhr-eingestellt\/","title":{"rendered":"GVB-FAHRBETRIEB SEIT 16 UHR EINGESTELLT"},"content":{"rendered":"\n<p>Der Geraer Verkehrsbetrieb teilt mit, dass der Fahrbetrieb nach knapp 13 Stunden seit etwa 16 Uhr eingestellt ist. Alle Fahrer, die heute den Notbetrieb erm\u00f6glicht h\u00e4tten, seien an den gesetzlichen Grenzen angelangt.  Der Fahrbetrieb wird erst wieder am 30. September zum regul\u00e4ren Betriebsbeginn um 3.45 Uhr aufgenommen. Dann sollen alle Linien wieder wie gewohnt bedient werden.<\/p>\n","protected":false},"excerpt":{"rendered":"<div class=\"mh-excerpt\"><p>Der Geraer Verkehrsbetrieb teilt mit, dass der Fahrbetrieb nach knapp 13 Stunden seit etwa 16 Uhr eingestellt ist. Alle Fahrer, die heute den Notbetrieb erm\u00f6glicht h\u00e4tten, seien an den gesetzlichen Grenzen angelangt. Der Fahrbetrieb wird <a class=\"mh-excerpt-more\" href=\"https:\/\/www.studiogera.de\/001\/2020\/09\/29\/gvb-fahrbetrieb-seit-16-uhr-eingestellt\/\" title=\"GVB-FAHRBETRIEB SEIT 16 UHR EINGESTELLT\">[&#8230;]<\/a><\/p>\n<\/div>","protected":false},"author":2,"featured_media":8407,"comment_status":"open","ping_status":"open","sticky":false,"template":"","format":"standard","meta":{"footnotes":""},"categories":[16],"tags":[],"class_list":{"0":"post-12743","1":"post","2":"type-post","3":"status-publish","4":"format-standard","5":"has-post-thumbnail","7":"category-kurzmitteilungen"},"_links":{"self":[{"href":"https:\/\/www.studiogera.de\/001\/wp-json\/wp\/v2\/posts\/12743","targetHints":{"allow":["GET"]}}],"collection":[{"href":"https:\/\/www.studiogera.de\/001\/wp-json\/wp\/v2\/posts"}],"about":[{"href":"https:\/\/www.studiogera.de\/001\/wp-json\/wp\/v2\/types\/post"}],"author":[{"embeddable":true,"href":"https:\/\/www.studiogera.de\/001\/wp-json\/wp\/v2\/users\/2"}],"replies":[{"embeddable":true,"href":"https:\/\/www.studiogera.de\/001\/wp-json\/wp\/v2\/comments?post=12743"}],"version-history":[{"count":1,"href":"https:\/\/www.studiogera.de\/001\/wp-json\/wp\/v2\/posts\/12743\/revisions"}],"predecessor-version":[{"id":12744,"href":"https:\/\/www.studiogera.de\/001\/wp-json\/wp\/v2\/posts\/12743\/revisions\/12744"}],"wp:featuredmedia":[{"embeddable":true,"href":"https:\/\/www.studiogera.de\/001\/wp-json\/wp\/v2\/media\/8407"}],"wp:attachment":[{"href":"https:\/\/www.studiogera.de\/001\/wp-json\/wp\/v2\/media?parent=12743"}],"wp:term":[{"taxonomy":"category","embeddable":true,"href":"https:\/\/www.studiogera.de\/001\/wp-json\/wp\/v2\/categories?post=12743"},{"taxonomy":"post_tag","embeddable":true,"href":"https:\/\/www.studiogera.de\/001\/wp-json\/wp\/v2\/tags?post=12743"}],"curies":[{"name":"wp","href":"https:\/\/api.w.org\/{rel}","templated":true}]}}