{"id":12746,"date":"2020-09-29T22:53:34","date_gmt":"2020-09-29T20:53:34","guid":{"rendered":"http:\/\/www.studiogera.de\/001\/?p=12746"},"modified":"2021-07-28T14:56:02","modified_gmt":"2021-07-28T12:56:02","slug":"museen-erweitern-dauerhaft-ihre-oeffnungszeiten","status":"publish","type":"post","link":"https:\/\/www.studiogera.de\/001\/2020\/09\/29\/museen-erweitern-dauerhaft-ihre-oeffnungszeiten\/","title":{"rendered":"MUSEEN ERWEITERN DAUERHAFT IHRE \u00d6FFNUNGSZEITEN"},"content":{"rendered":"\n<p>Ab dem 1. Oktober 2020 werden die \u00d6ffnungszeiten aller st\u00e4dtischen Museen in Gera den \u00fcblichen Zeiten der deutschen Museumslandschaft angepasst. Damit ist das historische Ensemble der Stadt, bestehend aus Otto-Dix-Haus, Orangerie, dem Museum f\u00fcr Angewandte Kunst, dem Stadtmuseum und dem Museum f\u00fcr Naturkunde, immer dienstags bis sonntags und an allen Feiertagen f\u00fcr Besucherinnen und Besucher von 11 Uhr bis 17 Uhr zug\u00e4nglich. Die Historischen Geraer H\u00f6hler k\u00f6nnen im Rahmen von \u00f6ffentlichen F\u00fchrungen dienstags bis sonntags und an Feiertagen 11 Uhr, 13 Uhr und 15 Uhr besichtigt werden. Die saisonalen \u00d6ffnungszeiten des Botanischen Gartens, je nach Wetterlagen von April bis Oktober, bleiben von der Neuregelung unber\u00fchrt.<\/p>\n\n\n\n<p>Mit der Erweiterung der \u00d6ffnungszeiten ab Oktober erhofft sich die Stadt Gera eine positive Resonanz in der \u00d6ffentlichkeit und eine deutliche Steigerung der Besucherzahlen. \u201eZiel ist es, uns in einer Liga mit den Museen in Deutschland zu bewegen. Das beginnt bei den \u00d6ffnungszeiten. Damit sind wir ab sofort wieder auf Augenh\u00f6he mit anderen wissenschaftlich arbeitenden Museen und gewinnen dauerhaft an Ansehen\u201c, betonte Dr. Claudia Tittel, Leiterin des Kulturamtes der Stadtverwaltung Gera, in diesem Zusammenhang.<\/p>\n\n\n\n<p>Die Erweiterung der Museums\u00f6ffnungszeiten soll zudem dazu beitragen, die Attraktivit\u00e4t der Stadt Gera f\u00fcr den Tourismus zu erh\u00f6hen: \u201eGeras Museen sind attraktive Touristenziele, die dazu beitragen, dass unsere G\u00e4ste einen positiven Eindruck von der Stadt und ihrem kulturellen Angebot bekommen\u201c, so Dr. Tittel weiter. Dazu soll nicht zuletzt eine neu ausgerichtete Kommunikationsstrategie beitragen. So r\u00fcckt der aktuelle Museumsflyer die Museen noch st\u00e4rker in den Fokus des kulturellen Lebens, informiert \u00fcber wertvolle Sammlungsbest\u00e4nde und l\u00e4dt alle Interessierten dazu ein, die Originale hautnah zu erleben.<\/p>\n\n\n\n<p><strong>Hintergrund<\/strong><br>Seit dem 27. Januar 2014 waren die \u00d6ffnungszeiten der Geraer Museen aus Kostengr\u00fcnden drastisch eingeschr\u00e4nkt. Daraus entstand ein betr\u00e4chtlicher immaterieller f\u00fcr die Stadt Gera. Nicht nur die Mitarbeiter der st\u00e4dtischen Museen wurden regelm\u00e4\u00dfig mit den kritischen Bemerkungen entt\u00e4uschter Besucher konfrontiert, auch das Kulturamt erreichte immer wieder Kritik und Unverst\u00e4ndnis von F\u00f6rderern, aus der Tourismus- und Reisebranche, aus den Museumsverb\u00e4nden oder von externen Kulturberatern.<br>Urspr\u00fcnglich war die Erweiterung der \u00d6ffnungszeiten bereits f\u00fcr M\u00e4rz dieses Jahres vorgesehen. Die Finanzierung der Ma\u00dfnahme war zuvor im Rahmen des Haushaltsplanes 2020 vom Kulturamt gepr\u00fcft und kalkuliert sowie vom Stadtrat am 27. November 2019 beschlossen worden. Durch die Corona-Einschr\u00e4nkungen, die sogar zur vor\u00fcbergehenden Schlie\u00dfung der Museen f\u00fchrte, konnte der anf\u00e4ngliche Zeitplan jedoch nicht eingehalten werden.<br>Seit Ende April 2020 sind die st\u00e4dtischen Museen f\u00fcr individuelle Besucher und kleine Gruppen unter Einhaltung strenger Hygienerichtlinien wieder ge\u00f6ffnet. Seither nutzte eine Vielzahl an Interessierten nach langer kultureller Enthaltsamkeit die M\u00f6glichkeit, sich die aktuellen Sonderausstellungen und Dauerpr\u00e4sentationen anzusehen.<\/p>\n\n\n\n<p>Weitere Informationen finden Sie unter \u201ewww.museen-gera.de\u201c. Die neue Brosch\u00fcre liegt ab sofort in allen st\u00e4dtischen Museumseinrichtungen und ab 1. Oktober 2020 in der Gera-Information aus. In den n\u00e4chsten Tagen werden auch die Hotels und weitere \u00f6ffentlichen Einrichtungen beliefert.<\/p>\n\n\n\n<p>QUELLE: STADTVERWALTUNG<\/p>\n","protected":false},"excerpt":{"rendered":"<div class=\"mh-excerpt\"><p>Ab dem 1. Oktober 2020 werden die \u00d6ffnungszeiten aller st\u00e4dtischen Museen in Gera den \u00fcblichen Zeiten der deutschen Museumslandschaft angepasst. Damit ist das historische Ensemble der Stadt, bestehend aus Otto-Dix-Haus, Orangerie, dem Museum f\u00fcr Angewandte <a class=\"mh-excerpt-more\" href=\"https:\/\/www.studiogera.de\/001\/2020\/09\/29\/museen-erweitern-dauerhaft-ihre-oeffnungszeiten\/\" title=\"MUSEEN ERWEITERN DAUERHAFT IHRE \u00d6FFNUNGSZEITEN\">[&#8230;]<\/a><\/p>\n<\/div>","protected":false},"author":2,"featured_media":3829,"comment_status":"open","ping_status":"open","sticky":false,"template":"","format":"standard","meta":{"footnotes":""},"categories":[8],"tags":[],"class_list":{"0":"post-12746","1":"post","2":"type-post","3":"status-publish","4":"format-standard","5":"has-post-thumbnail","7":"category-kultur"},"_links":{"self":[{"href":"https:\/\/www.studiogera.de\/001\/wp-json\/wp\/v2\/posts\/12746","targetHints":{"allow":["GET"]}}],"collection":[{"href":"https:\/\/www.studiogera.de\/001\/wp-json\/wp\/v2\/posts"}],"about":[{"href":"https:\/\/www.studiogera.de\/001\/wp-json\/wp\/v2\/types\/post"}],"author":[{"embeddable":true,"href":"https:\/\/www.studiogera.de\/001\/wp-json\/wp\/v2\/users\/2"}],"replies":[{"embeddable":true,"href":"https:\/\/www.studiogera.de\/001\/wp-json\/wp\/v2\/comments?post=12746"}],"version-history":[{"count":2,"href":"https:\/\/www.studiogera.de\/001\/wp-json\/wp\/v2\/posts\/12746\/revisions"}],"predecessor-version":[{"id":15982,"href":"https:\/\/www.studiogera.de\/001\/wp-json\/wp\/v2\/posts\/12746\/revisions\/15982"}],"wp:featuredmedia":[{"embeddable":true,"href":"https:\/\/www.studiogera.de\/001\/wp-json\/wp\/v2\/media\/3829"}],"wp:attachment":[{"href":"https:\/\/www.studiogera.de\/001\/wp-json\/wp\/v2\/media?parent=12746"}],"wp:term":[{"taxonomy":"category","embeddable":true,"href":"https:\/\/www.studiogera.de\/001\/wp-json\/wp\/v2\/categories?post=12746"},{"taxonomy":"post_tag","embeddable":true,"href":"https:\/\/www.studiogera.de\/001\/wp-json\/wp\/v2\/tags?post=12746"}],"curies":[{"name":"wp","href":"https:\/\/api.w.org\/{rel}","templated":true}]}}