{"id":12748,"date":"2020-09-29T23:28:23","date_gmt":"2020-09-29T21:28:23","guid":{"rendered":"http:\/\/www.studiogera.de\/001\/?p=12748"},"modified":"2021-06-23T10:44:08","modified_gmt":"2021-06-23T08:44:08","slug":"gera-erhaelt-knapp-23-millionen-euro-fuer-breitbandausbau","status":"publish","type":"post","link":"https:\/\/www.studiogera.de\/001\/2020\/09\/29\/gera-erhaelt-knapp-23-millionen-euro-fuer-breitbandausbau\/","title":{"rendered":"GERA ERH\u00c4LT KNAPP 23 MILLIONEN EURO F\u00dcR BREITBANDAUSBAU"},"content":{"rendered":"\n<p>Mit rund 9,2 Millionen Euro f\u00f6rdert das Land den Breitbandausbau in Gera. Mit der Landesf\u00f6rderung werden Bundesmittel in H\u00f6he von rund 13,8 Millionen Euro erg\u00e4nzend finanziert, die die Stadt aus dem Bundesprogramm \u201eBreitbandausbau\u201c eingeworben hat. Damit erh\u00e4lt Gera knapp 23 Millionen Euro f\u00fcr den Breitbandausbau. \u201eDurch zahlreiche von Bund und Land gef\u00f6rderte Ausbauprojekte erf\u00e4hrt die Breitbandversorgung in Th\u00fcringen derzeit einen enormen Schub. Die Corona-Pandemie hat noch einmal klar aufgezeigt, dass die Breitbandinfrastruktur die Grundvoraussetzung f\u00fcr den Weg in eine digitale Gesellschaft ist. Unser langfristiges Ziel ist die fl\u00e4chendeckende Versorgung Th\u00fcringens mit einem Glasfasernetz\u201c, betont Wirtschaftsminister Wolfgang Tiefensee heute bei der \u00dcbergabe der F\u00f6rdermittelbescheide.<\/p>\n\n\n\n<p>Mit den vorl\u00e4ufigen Zuwendungsbescheiden von Bund und Land startet Gera nun die Ausschreibung f\u00fcr ein Telekommunikationsunternehmen. Durch den fl\u00e4chendeckenden und bedarfsgerechten Ausbau sollen dann \u00fcber 2479 Haushalte und 52 Schulen Glasfaseranschl\u00fcsse mit Geschwindigkeiten von bis zu 1 Gigabit pro Sekunde erhalten. Der Ausbau soll bis Fr\u00fchjahr 2024 abgeschlossen sein.<\/p>\n\n\n\n<p>\u201eMit dem Breitbandausbau ist gew\u00e4hrleistet, dass die Stadt Gera als Kommune nicht den Anschluss verliert. In Zeiten der Digitalisierung ist es eine Pflichtvoraussetzung, den Unternehmen sowie B\u00fcrgerinnen und B\u00fcrgern ein schnelles, \u00fcberall verf\u00fcgbares Netz zur Verf\u00fcgung zu stellen. Gera erh\u00e4lt mit Blick auf den zwingend notwendigen Fortschritt und die Modernisierung nun die besten Grundlagen\u201c, erkl\u00e4rt Oberb\u00fcrgermeister Julian Vonarb und erg\u00e4nzt: \u201eEin solches Projekt ist ohne F\u00f6rderung nicht m\u00f6glich. Ich danke besonders dem Wirtschaftsministerium und Herr Schubert von der Fraktion Die Linke f\u00fcr die Unterst\u00fctzung und Zusammenarbeit.\u201c<\/p>\n\n\n\n<p>\u201eTh\u00fcringen ist beim Breitbandausbau in den vergangenen Jahren gut vorangekommen; die Versorgungssituation verbessert sich mit den laufenden Projekten stetig\u201c, sagte Tiefensee. Nach aktuellen Zahlen der Digitalagentur Th\u00fcringen k\u00f6nnen derzeit rund 91 % der Haushalte mit mindestens 50 MBit\/s versorgt werden, mehr als 100 MBit\/s werden inzwischen sogar in rund 85 % der Haushalte erreicht. Etwa die H\u00e4lfte der F\u00f6rderprojekte im Bundesf\u00f6rderprogramm gelangt derzeit nach langer Planungs- und Ausschreibungsphase zur Vertragsunterzeichnung oder steht kurz davor. So begannen in diesem Jahr unter anderem bereits Sonneberg, Friedrichroda, Erfurt und das Eichsfeld ihre Bauprojekte. Insgesamt erhalten Th\u00fcringer Landkreise und Regionen aus dem seit Herbst 2015 laufenden Bundesprogramm Breitband 200 Millionen Euro F\u00f6rderung. Mit den F\u00f6rdermitteln werden Investitionen von mehr als 450 Millionen Euro in das Breitbandnetz in Th\u00fcringen angeschoben. Der Freistaat Th\u00fcringen stellt daf\u00fcr eine erg\u00e4nzende Finanzierung von 120 Millionen Euro bereit. Mit dem Ausbau werden rund 100&#8217;000 Breitbandanschl\u00fcsse in Th\u00fcringer Haushalten und Unternehmen neu verlegt oder f\u00fcr h\u00f6here \u00dcbertragungsraten ert\u00fcchtigt.<\/p>\n\n\n\n<p>Auch Schulen und Gewerbegebiete werden im gef\u00f6rderten Ausbau grunds\u00e4tzlich mit Glasfaser erschlossen, da dort die Bedarfe nach schnellem Internet f\u00fcr eine hohe Zahl an Nutzern besonders gro\u00df sind. \u201eBesonders erfreulich sind die Fortschritte bei Bildungseinrichtungen, die digitales Lernen k\u00fcnftig erleichtern sollen\u201c, so Tiefensee. Mit 900 der knapp 1000 Th\u00fcringer Schulen nimmt Th\u00fcringen in den laufenden F\u00f6rdervorhaben des Landes und Bundes den Spitzenplatz unter den Bundesl\u00e4ndern ein.\u201c<\/p>\n\n\n\n<p>QUELLE: FREISTAAT TH\u00dcRINGEN<\/p>\n","protected":false},"excerpt":{"rendered":"<div class=\"mh-excerpt\"><p>Mit rund 9,2 Millionen Euro f\u00f6rdert das Land den Breitbandausbau in Gera. Mit der Landesf\u00f6rderung werden Bundesmittel in H\u00f6he von rund 13,8 Millionen Euro erg\u00e4nzend finanziert, die die Stadt aus dem Bundesprogramm \u201eBreitbandausbau\u201c eingeworben hat. <a class=\"mh-excerpt-more\" href=\"https:\/\/www.studiogera.de\/001\/2020\/09\/29\/gera-erhaelt-knapp-23-millionen-euro-fuer-breitbandausbau\/\" title=\"GERA ERH\u00c4LT KNAPP 23 MILLIONEN EURO F\u00dcR BREITBANDAUSBAU\">[&#8230;]<\/a><\/p>\n<\/div>","protected":false},"author":2,"featured_media":12749,"comment_status":"open","ping_status":"open","sticky":false,"template":"","format":"standard","meta":{"footnotes":""},"categories":[4],"tags":[],"class_list":{"0":"post-12748","1":"post","2":"type-post","3":"status-publish","4":"format-standard","5":"has-post-thumbnail","7":"category-wirtschaft"},"_links":{"self":[{"href":"https:\/\/www.studiogera.de\/001\/wp-json\/wp\/v2\/posts\/12748","targetHints":{"allow":["GET"]}}],"collection":[{"href":"https:\/\/www.studiogera.de\/001\/wp-json\/wp\/v2\/posts"}],"about":[{"href":"https:\/\/www.studiogera.de\/001\/wp-json\/wp\/v2\/types\/post"}],"author":[{"embeddable":true,"href":"https:\/\/www.studiogera.de\/001\/wp-json\/wp\/v2\/users\/2"}],"replies":[{"embeddable":true,"href":"https:\/\/www.studiogera.de\/001\/wp-json\/wp\/v2\/comments?post=12748"}],"version-history":[{"count":3,"href":"https:\/\/www.studiogera.de\/001\/wp-json\/wp\/v2\/posts\/12748\/revisions"}],"predecessor-version":[{"id":15582,"href":"https:\/\/www.studiogera.de\/001\/wp-json\/wp\/v2\/posts\/12748\/revisions\/15582"}],"wp:featuredmedia":[{"embeddable":true,"href":"https:\/\/www.studiogera.de\/001\/wp-json\/wp\/v2\/media\/12749"}],"wp:attachment":[{"href":"https:\/\/www.studiogera.de\/001\/wp-json\/wp\/v2\/media?parent=12748"}],"wp:term":[{"taxonomy":"category","embeddable":true,"href":"https:\/\/www.studiogera.de\/001\/wp-json\/wp\/v2\/categories?post=12748"},{"taxonomy":"post_tag","embeddable":true,"href":"https:\/\/www.studiogera.de\/001\/wp-json\/wp\/v2\/tags?post=12748"}],"curies":[{"name":"wp","href":"https:\/\/api.w.org\/{rel}","templated":true}]}}