{"id":12751,"date":"2020-09-29T23:35:23","date_gmt":"2020-09-29T21:35:23","guid":{"rendered":"http:\/\/www.studiogera.de\/001\/?p=12751"},"modified":"2020-09-29T23:35:25","modified_gmt":"2020-09-29T21:35:25","slug":"neues-stadtwaldtor-torstenson-eiche-aufgestellt","status":"publish","type":"post","link":"https:\/\/www.studiogera.de\/001\/2020\/09\/29\/neues-stadtwaldtor-torstenson-eiche-aufgestellt\/","title":{"rendered":"NEUES STADTWALDTOR \u201eTORSTENSON-EICHE\u201c AUFGESTELLT"},"content":{"rendered":"\n<p>Der Geraer Wald empf\u00e4ngt seine G\u00e4ste seit dem 29. September 2020 auch am Zugang Faulenzerweg in der N\u00e4he der Kuckucksdiele mit einem Stadtwaldtor. Die massive Holzkonstruktion \u201eTorstenson-Eiche\u201c ist das f\u00fcnfte von sechs geplanten Toren, die von Lehrlingen des BIW e. V., Bildungszentrum Ostth\u00fcringen gefertigt und von Mitarbeitern des Fachdienstes Stadtgr\u00fcn errichtet wurde. Das Projekt geht auf eine Initiative des F\u00f6rdervereins Geraer Stadtwaldbr\u00fccken e. V. zur\u00fcck und konnte dank lokaler Sponsoren erfolgreich umgesetzt werden. F\u00fcr die Materialkosten des aktuellen Tores kam die B\u00fcroteam Gera GmbH auf. Das Montagefahrzeug wurde vom Baubetrieb Heinrich Wassermann GmbH &amp; Co. KG bereitgestellt. Noch ist der neue Stadtwaldeingang nicht fertiggestellt; erst im Zuge der Montage des Hinweisschildes ist eine offizielle \u00dcbergabe des Tores an die Geraer B\u00fcrgerinnen und B\u00fcrger geplant.<\/p>\n\n\n\n<p>Derzeit weisen Stadtwaldtore unter anderem im Martinsgrund, am Naturdenkmal Hainwieseneiche in Ernsee und in der N\u00e4he des SRH-Waldklinikums auf die besondere Bedeutung des Waldes f\u00fcr die Stadt Gera hin. Die urspr\u00fcngliche Idee zu den Stadtwaldtoren geht zur\u00fcck auf eine studentische Arbeit des Fachbereichs Landschaftsarchitektur der Fachhochschule Erfurt in Kooperation mit der Gr\u00fcnwerkstatt \u201eStadtwald erleben\u201c, zu der auch der F\u00f6rderverein Stadtwaldbr\u00fccken geh\u00f6rt.<\/p>\n\n\n\n<p>QUELLE: STADTVERWALTUNG<\/p>\n","protected":false},"excerpt":{"rendered":"<div class=\"mh-excerpt\"><p>Der Geraer Wald empf\u00e4ngt seine G\u00e4ste seit dem 29. September 2020 auch am Zugang Faulenzerweg in der N\u00e4he der Kuckucksdiele mit einem Stadtwaldtor. Die massive Holzkonstruktion \u201eTorstenson-Eiche\u201c ist das f\u00fcnfte von sechs geplanten Toren, die <a class=\"mh-excerpt-more\" href=\"https:\/\/www.studiogera.de\/001\/2020\/09\/29\/neues-stadtwaldtor-torstenson-eiche-aufgestellt\/\" title=\"NEUES STADTWALDTOR \u201eTORSTENSON-EICHE\u201c AUFGESTELLT\">[&#8230;]<\/a><\/p>\n<\/div>","protected":false},"author":2,"featured_media":12752,"comment_status":"open","ping_status":"open","sticky":false,"template":"","format":"standard","meta":{"footnotes":""},"categories":[3],"tags":[],"class_list":{"0":"post-12751","1":"post","2":"type-post","3":"status-publish","4":"format-standard","5":"has-post-thumbnail","7":"category-lokal"},"_links":{"self":[{"href":"https:\/\/www.studiogera.de\/001\/wp-json\/wp\/v2\/posts\/12751","targetHints":{"allow":["GET"]}}],"collection":[{"href":"https:\/\/www.studiogera.de\/001\/wp-json\/wp\/v2\/posts"}],"about":[{"href":"https:\/\/www.studiogera.de\/001\/wp-json\/wp\/v2\/types\/post"}],"author":[{"embeddable":true,"href":"https:\/\/www.studiogera.de\/001\/wp-json\/wp\/v2\/users\/2"}],"replies":[{"embeddable":true,"href":"https:\/\/www.studiogera.de\/001\/wp-json\/wp\/v2\/comments?post=12751"}],"version-history":[{"count":1,"href":"https:\/\/www.studiogera.de\/001\/wp-json\/wp\/v2\/posts\/12751\/revisions"}],"predecessor-version":[{"id":12753,"href":"https:\/\/www.studiogera.de\/001\/wp-json\/wp\/v2\/posts\/12751\/revisions\/12753"}],"wp:featuredmedia":[{"embeddable":true,"href":"https:\/\/www.studiogera.de\/001\/wp-json\/wp\/v2\/media\/12752"}],"wp:attachment":[{"href":"https:\/\/www.studiogera.de\/001\/wp-json\/wp\/v2\/media?parent=12751"}],"wp:term":[{"taxonomy":"category","embeddable":true,"href":"https:\/\/www.studiogera.de\/001\/wp-json\/wp\/v2\/categories?post=12751"},{"taxonomy":"post_tag","embeddable":true,"href":"https:\/\/www.studiogera.de\/001\/wp-json\/wp\/v2\/tags?post=12751"}],"curies":[{"name":"wp","href":"https:\/\/api.w.org\/{rel}","templated":true}]}}