{"id":12780,"date":"2020-09-30T23:41:02","date_gmt":"2020-09-30T21:41:02","guid":{"rendered":"http:\/\/www.studiogera.de\/001\/?p=12780"},"modified":"2020-09-30T23:41:04","modified_gmt":"2020-09-30T21:41:04","slug":"geschaefte-bleiben-am-3-und-4-oktober-geschlossen","status":"publish","type":"post","link":"https:\/\/www.studiogera.de\/001\/2020\/09\/30\/geschaefte-bleiben-am-3-und-4-oktober-geschlossen\/","title":{"rendered":"GESCH\u00c4FTE BLEIBEN AM 3. UND 4. OKTOBER GESCHLOSSEN"},"content":{"rendered":"\n<p>Das Th\u00fcringer Oberverwaltungsgericht hat mit Beschluss vom 29. September 2020 (Az. 3 EN 643\/20) entschieden, dass am kommenden Wochenende, 3. und 4. Oktober 2020, in Gera die Gesch\u00e4fte nicht \u00f6ffnen d\u00fcrfen. Der Antrag, der dieser Entscheidung voraus ging, wurde von der Vereinten Dienstleistungsgewerkschaft gestellt.<\/p>\n\n\n\n<p>Als Gr\u00fcnde werden aufgef\u00fchrt, dass die H\u00f6hlermeile kein hinreichender Anlass sei, um die L\u00e4den au\u00dferhalb der gesetzlich festgelegten Zeiten zu \u00f6ffnen. Zudem sei der r\u00e4umliche Geltungsbereich f\u00fcr die gesonderte Laden\u00f6ffnung zu gro\u00df gefasst. Laut Th\u00fcringer Laden\u00f6ffnungsgesetz d\u00fcrfen Gesch\u00e4fte nur in unmittelbarer Umgebung des Festgel\u00e4ndes von der Sonderregelung profitieren.<\/p>\n\n\n\n<p>\u201eWir bedauern die Entscheidung sehr. Unser Ziel war es, f\u00fcr die Geraer auch in Corona-Zeiten ihr H\u00f6hlerfest, wenn auch in abgespeckter Form, auszurichten. Mit der geplanten Sonder\u00f6ffnung f\u00fcr L\u00e4den sind wir auch dem expliziten Wunsch einer Vielzahl von Unternehmern und H\u00e4ndlern in der Stadt nachgekommen. Ihnen sollte damit eine zus\u00e4tzliche Absatzm\u00f6glichkeit geboten werden, gerade weil sie im Fr\u00fchjahr durch den Lockdown erheblich gelitten und gro\u00dfe wirtschaftliche Einbu\u00dfen zu verzeichnen hatten. Au\u00dferdem sind coronabedingt bisher alle gro\u00dfen Feste und die damit verbundenen verkaufsoffenen Sonntage in diesem Jahr entfallen. F\u00fcr viele H\u00e4ndler, genauso wie f\u00fcr mich, ist diese Entscheidung sicher nicht g\u00e4nzlich nachvollziehbar\u201c, so Oberb\u00fcrgermeister Julian Vonarb.<\/p>\n\n\n\n<p>Die H\u00f6hlermeile mit allen angek\u00fcndigten St\u00e4nden und Programmpunkten wird uneingeschr\u00e4nkt stattfinden.<\/p>\n\n\n\n<p>QUELLE: STADTVERWALTUNG<\/p>\n","protected":false},"excerpt":{"rendered":"<div class=\"mh-excerpt\"><p>Das Th\u00fcringer Oberverwaltungsgericht hat mit Beschluss vom 29. September 2020 (Az. 3 EN 643\/20) entschieden, dass am kommenden Wochenende, 3. und 4. Oktober 2020, in Gera die Gesch\u00e4fte nicht \u00f6ffnen d\u00fcrfen. Der Antrag, der dieser <a class=\"mh-excerpt-more\" href=\"https:\/\/www.studiogera.de\/001\/2020\/09\/30\/geschaefte-bleiben-am-3-und-4-oktober-geschlossen\/\" title=\"GESCH\u00c4FTE BLEIBEN AM 3. UND 4. OKTOBER GESCHLOSSEN\">[&#8230;]<\/a><\/p>\n<\/div>","protected":false},"author":2,"featured_media":4524,"comment_status":"open","ping_status":"open","sticky":false,"template":"","format":"standard","meta":{"footnotes":""},"categories":[3],"tags":[],"class_list":{"0":"post-12780","1":"post","2":"type-post","3":"status-publish","4":"format-standard","5":"has-post-thumbnail","7":"category-lokal"},"_links":{"self":[{"href":"https:\/\/www.studiogera.de\/001\/wp-json\/wp\/v2\/posts\/12780","targetHints":{"allow":["GET"]}}],"collection":[{"href":"https:\/\/www.studiogera.de\/001\/wp-json\/wp\/v2\/posts"}],"about":[{"href":"https:\/\/www.studiogera.de\/001\/wp-json\/wp\/v2\/types\/post"}],"author":[{"embeddable":true,"href":"https:\/\/www.studiogera.de\/001\/wp-json\/wp\/v2\/users\/2"}],"replies":[{"embeddable":true,"href":"https:\/\/www.studiogera.de\/001\/wp-json\/wp\/v2\/comments?post=12780"}],"version-history":[{"count":1,"href":"https:\/\/www.studiogera.de\/001\/wp-json\/wp\/v2\/posts\/12780\/revisions"}],"predecessor-version":[{"id":12781,"href":"https:\/\/www.studiogera.de\/001\/wp-json\/wp\/v2\/posts\/12780\/revisions\/12781"}],"wp:featuredmedia":[{"embeddable":true,"href":"https:\/\/www.studiogera.de\/001\/wp-json\/wp\/v2\/media\/4524"}],"wp:attachment":[{"href":"https:\/\/www.studiogera.de\/001\/wp-json\/wp\/v2\/media?parent=12780"}],"wp:term":[{"taxonomy":"category","embeddable":true,"href":"https:\/\/www.studiogera.de\/001\/wp-json\/wp\/v2\/categories?post=12780"},{"taxonomy":"post_tag","embeddable":true,"href":"https:\/\/www.studiogera.de\/001\/wp-json\/wp\/v2\/tags?post=12780"}],"curies":[{"name":"wp","href":"https:\/\/api.w.org\/{rel}","templated":true}]}}